{"id":974,"date":"2008-09-02T04:31:01","date_gmt":"2008-09-02T10:31:01","guid":{"rendered":"http:\/\/wp.mundodiverso.com\/wp\/?p=974"},"modified":"2012-09-10T15:03:29","modified_gmt":"2012-09-10T21:03:29","slug":"mes-patrio","status":"publish","type":"post","link":"https:\/\/wp.mundodiverso.com\/wp\/2008\/09\/02\/mes-patrio\/","title":{"rendered":"Mes Patrio"},"content":{"rendered":"<p><a href=\"https:\/\/wp.mundodiverso.com\/wp-content\/uploads\/2012\/09\/bandera-de-guatemala.jpg\"><img loading=\"lazy\" decoding=\"async\" src=\"https:\/\/wp.mundodiverso.com\/wp-content\/uploads\/2012\/09\/bandera-de-guatemala.jpg\" alt=\"\" title=\"Bandera de Guatemala - Mes Patrio\" width=\"500\" height=\"375\" class=\"aligncenter size-full wp-image-975\" srcset=\"https:\/\/wp.mundodiverso.com\/wp-content\/uploads\/2012\/09\/bandera-de-guatemala.jpg 500w, https:\/\/wp.mundodiverso.com\/wp-content\/uploads\/2012\/09\/bandera-de-guatemala-300x225.jpg 300w\" sizes=\"auto, (max-width: 500px) 100vw, 500px\" \/><\/a><br \/>\nLlego septiembre, el mes patrio en Guatemala y en muchos pa\u00edses de Am\u00e9rica Latina tambi\u00e9n, el 15 de Septiembre de 2008 celebraremos el 187 aniversario de nuestra independencia y en <a href=\"http:\/\/www.mundodiverso.com\">mundodiverso.com<\/a> queremos exaltar nuestros valores, por eso a partir del d\u00eda de hoy nuestra p\u00e1gina principal muestra nuestros s\u00edmbolos patrios, nuestra flor nacional, la Monja Blanca, nuestro \u00e1rbol nacional, la Ceiba Pentandra, el Quetzal, nuestra ave s\u00edmbolo y nuestra amada bandera azul y blanco a la cual dedicamos la <a href=\"https:\/\/wp.mundodiverso.com\/wp\/2009\/08\/09\/17-de-agosto-dia-de-la-bandera-en-guatemala\/\">Jura de la Bandera<\/a> escrita por el poeta quezalteco Alberto Vel\u00e1zquez, la cual todos los guatemaltecos deber\u00edamos saber y llevar siempre en la mente y en el coraz\u00f3n.  Queremos exaltar nuestros valores, pero  m\u00e1s all\u00e1 de patrioterismos inherentes a la \u00e9poca, o de los que se nos suben a la cabeza cuando juega nuestra selecci\u00f3n de futbol o como en el caso de Carlitos Pe\u00f1a el a\u00f1o pasado y el que probablemente veamos ahora en La Academia, ya que el d\u00eda de ayer Fabiola y Gerardo, los guatemaltecos, quedaron de finalistas, lo cual no es malo, es bueno que nos identifiquemos con nuestros futbolistas aunque nunca hayamos ido a un mundial y con estos cantantes que trascienden fronteras haciendo sonar el nombre de nuestro querido pa\u00eds en otras tierras, por mejores razones que las que leemos diariamente en los peri\u00f3dicos, pero realmente lo que queremos es contribuir a que los guatemaltecos, cada uno de nosotros,  aprendamos a llevar a Guate prendida en nuestro coraz\u00f3n todos los d\u00edas y que la amemos realmente, plasmando ese amor en hacer bien y honestamente lo que nos corresponde, sea el trabajo que sea, para hacer crecer y sacar adelante a Guatemala.  Que no actuemos como lo est\u00e1n haciendo los supuestos \u201cpadres de la patria\u201d, los actuales diputados, que solo muestran amor por el dinero e intereses personales, en lugar de ayudar a construir la Guatemala que todos necesitamos y nos merecemos.  Por eso es necesario que nos identifiquemos con lo nuestro, con nuestros s\u00edmbolos, con nuestros valores, el gobierno actual ha propuesto agregar otra bandera, la bandera de los pueblos, por la pluriculturalidad de nuestro pa\u00eds, pero \u00bfComo nos proponen otra? Cuando hay muchos guatemaltecos que son indiferentes a la azul y blanco, lo que deber\u00edan proponer es identificarnos todos con nuestra bandera, que sea una la bandera, que la respetemos, que la apreciemos y que nos sintamos orgullosos de ella.  Que sean el azul y el blanco los colores que valoremos y defendamos  todos los guatemaltecos de buena voluntad que trabajamos y so\u00f1amos por un mejor pa\u00eds.  Feliz cumplea\u00f1os Guatemala y ojal\u00e1 que los a\u00f1os venideros cuando celebremos tu aniversario, los guatemaltecos estemos caminando por la senda correcta del desarrollo y el bienestar para todos.  \u00a1Adelante Guatemala!  Y que \u00a1Viva Guatemala!<\/p>\n<p><script type=\"text\/javascript\"><!--\ngoogle_ad_client = \"ca-pub-3994227042512697\";\n\/* 468x60, creado 9\/01\/09 *\/\ngoogle_ad_slot = \"4374462416\";\ngoogle_ad_width = 468;\ngoogle_ad_height = 60;\n\/\/-->\n<\/script><br \/>\n<script type=\"text\/javascript\"\nsrc=\"http:\/\/pagead2.googlesyndication.com\/pagead\/show_ads.js\">\n<\/script><\/p>\n","protected":false},"excerpt":{"rendered":"<p>Llego septiembre, el mes patrio en Guatemala y en muchos pa\u00edses de Am\u00e9rica Latina tambi\u00e9n, el 15 de Septiembre de<\/p>\n","protected":false},"author":1,"featured_media":0,"comment_status":"open","ping_status":"open","sticky":false,"template":"","format":"standard","meta":{"colormag_page_container_layout":"default_layout","colormag_page_sidebar_layout":"default_layout","footnotes":""},"categories":[13],"tags":[22,597,596,2866,593,595,558],"class_list":["post-974","post","type-post","status-publish","format-standard","hentry","category-guatemala","tag-15-de-septiembre-de-1821","tag-aniversario-de-la-patria","tag-fiestas-de-independencia","tag-guatemala","tag-jura-de-la-bandera","tag-mes-patrio","tag-viva-guatemala"],"_links":{"self":[{"href":"https:\/\/wp.mundodiverso.com\/wp\/wp-json\/wp\/v2\/posts\/974","targetHints":{"allow":["GET"]}}],"collection":[{"href":"https:\/\/wp.mundodiverso.com\/wp\/wp-json\/wp\/v2\/posts"}],"about":[{"href":"https:\/\/wp.mundodiverso.com\/wp\/wp-json\/wp\/v2\/types\/post"}],"author":[{"embeddable":true,"href":"https:\/\/wp.mundodiverso.com\/wp\/wp-json\/wp\/v2\/users\/1"}],"replies":[{"embeddable":true,"href":"https:\/\/wp.mundodiverso.com\/wp\/wp-json\/wp\/v2\/comments?post=974"}],"version-history":[{"count":4,"href":"https:\/\/wp.mundodiverso.com\/wp\/wp-json\/wp\/v2\/posts\/974\/revisions"}],"predecessor-version":[{"id":979,"href":"https:\/\/wp.mundodiverso.com\/wp\/wp-json\/wp\/v2\/posts\/974\/revisions\/979"}],"wp:attachment":[{"href":"https:\/\/wp.mundodiverso.com\/wp\/wp-json\/wp\/v2\/media?parent=974"}],"wp:term":[{"taxonomy":"category","embeddable":true,"href":"https:\/\/wp.mundodiverso.com\/wp\/wp-json\/wp\/v2\/categories?post=974"},{"taxonomy":"post_tag","embeddable":true,"href":"https:\/\/wp.mundodiverso.com\/wp\/wp-json\/wp\/v2\/tags?post=974"}],"curies":[{"name":"wp","href":"https:\/\/api.w.org\/{rel}","templated":true}]}}