{"id":96,"date":"2011-10-11T11:23:21","date_gmt":"2011-10-11T17:23:21","guid":{"rendered":"http:\/\/wp.mundodiverso.com\/?p=96"},"modified":"2012-09-05T23:19:45","modified_gmt":"2012-09-06T05:19:45","slug":"unidos-para-el-cambio-global-15-de-octubre-de-2011","status":"publish","type":"post","link":"https:\/\/wp.mundodiverso.com\/wp\/2011\/10\/11\/unidos-para-el-cambio-global-15-de-octubre-de-2011\/","title":{"rendered":"Unidos para el Cambio Global &#8211; 15 de Octubre de 2011"},"content":{"rendered":"<p>Ciudadanos de los cinco continentes est\u00e1n convocados el pr\u00f3ximo 15 de octubre a participar en una gran manifestaci\u00f3n a nivel mundial que se celebrar\u00e1 bajo el lema \u00abUnited for a global change\u00bb, o \u00abUnidos por un cambio global\u00bb.<br \/>\nEl 15 de octubre personas de todo el mundo tomar\u00e1n las calles y las plazas. Desde Am\u00e9rica a Asia, desde \u00c1frica a Europa, la gente se est\u00e1 levantando para reclamar sus derechos y pedir una aut\u00e9ntica democracia. Ahora ha llegado el momento de unirnos todos en una protesta no violenta a escala global.<br \/>\nLos poderes establecidos act\u00faan en beneficio de unos pocos, desoyendo la voluntad de la gran mayor\u00eda, sin importarles los costes humanos o ecol\u00f3gicos que tengamos que pagar. Hay que poner fin a esta intolerable situaci\u00f3n.<br \/>\nUnidos en una sola voz, haremos saber a los pol\u00edticos, y a las \u00e9lites financieras a las que sirven, que ahora somos nosotros, la gente, quienes decidiremos nuestro futuro. No somos mercanc\u00eda en manos de pol\u00edticos y banqueros que no nos representan.<br \/>\nEl 15 de octubre nos encontraremos en las calles para poner en marcha el cambio global que queremos. Nos manifestaremos pac\u00edficamente, debatiremos y nos organizaremos hasta lograrlo.<br \/>\nEs hora de que nos unamos. Es hora de que nos escuchen.<br \/>\n\u00a1Tomemos las calles del mundo el 15 de octubre!<br \/>\n<script type=\"text\/javascript\"><!--\ngoogle_ad_client = \"ca-pub-3994227042512697\";\n\/* 468x60, creado 9\/01\/09 *\/\ngoogle_ad_slot = \"4374462416\";\ngoogle_ad_width = 468;\ngoogle_ad_height = 60;\n\/\/-->\n<\/script><br \/>\n<script type=\"text\/javascript\"\nsrc=\"http:\/\/pagead2.googlesyndication.com\/pagead\/show_ads.js\">\n<\/script><iframe loading=\"lazy\" width=\"640\" height=\"360\" src=\"http:\/\/www.youtube.com\/embed\/_Tjso33oLT4?rel=0\" frameborder=\"0\" allowfullscreen><\/iframe><\/p>\n","protected":false},"excerpt":{"rendered":"<p>Ciudadanos de los cinco continentes est\u00e1n convocados el pr\u00f3ximo 15 de octubre a participar en una gran manifestaci\u00f3n a nivel<\/p>\n","protected":false},"author":1,"featured_media":0,"comment_status":"open","ping_status":"open","sticky":false,"template":"","format":"standard","meta":{"colormag_page_container_layout":"default_layout","colormag_page_sidebar_layout":"default_layout","footnotes":""},"categories":[30],"tags":[64,66,65,63,62],"class_list":["post-96","post","type-post","status-publish","format-standard","hentry","category-causas","tag-15-de-octubre-2011","tag-democracia-real","tag-indignados","tag-revolucion-mundial","tag-unidos-por-el-cambio-global"],"_links":{"self":[{"href":"https:\/\/wp.mundodiverso.com\/wp\/wp-json\/wp\/v2\/posts\/96","targetHints":{"allow":["GET"]}}],"collection":[{"href":"https:\/\/wp.mundodiverso.com\/wp\/wp-json\/wp\/v2\/posts"}],"about":[{"href":"https:\/\/wp.mundodiverso.com\/wp\/wp-json\/wp\/v2\/types\/post"}],"author":[{"embeddable":true,"href":"https:\/\/wp.mundodiverso.com\/wp\/wp-json\/wp\/v2\/users\/1"}],"replies":[{"embeddable":true,"href":"https:\/\/wp.mundodiverso.com\/wp\/wp-json\/wp\/v2\/comments?post=96"}],"version-history":[{"count":3,"href":"https:\/\/wp.mundodiverso.com\/wp\/wp-json\/wp\/v2\/posts\/96\/revisions"}],"predecessor-version":[{"id":919,"href":"https:\/\/wp.mundodiverso.com\/wp\/wp-json\/wp\/v2\/posts\/96\/revisions\/919"}],"wp:attachment":[{"href":"https:\/\/wp.mundodiverso.com\/wp\/wp-json\/wp\/v2\/media?parent=96"}],"wp:term":[{"taxonomy":"category","embeddable":true,"href":"https:\/\/wp.mundodiverso.com\/wp\/wp-json\/wp\/v2\/categories?post=96"},{"taxonomy":"post_tag","embeddable":true,"href":"https:\/\/wp.mundodiverso.com\/wp\/wp-json\/wp\/v2\/tags?post=96"}],"curies":[{"name":"wp","href":"https:\/\/api.w.org\/{rel}","templated":true}]}}