{"id":850,"date":"2012-08-09T21:50:50","date_gmt":"2012-08-10T03:50:50","guid":{"rendered":"http:\/\/wp.mundodiverso.com\/?p=850"},"modified":"2012-08-09T21:50:50","modified_gmt":"2012-08-10T03:50:50","slug":"como-vivir-asi-video-de-una-cancion-inedita-de-hancer","status":"publish","type":"post","link":"https:\/\/wp.mundodiverso.com\/wp\/2012\/08\/09\/como-vivir-asi-video-de-una-cancion-inedita-de-hancer\/","title":{"rendered":"Como vivir as\u00ed, v\u00eddeo de una canci\u00f3n in\u00e9dita de Hancer"},"content":{"rendered":"<p><a href=\"https:\/\/wp.mundodiverso.com\/wp-content\/uploads\/2012\/08\/HANCER-ACADEMIA-2011-1299783.jpg\"><img loading=\"lazy\" decoding=\"async\" src=\"https:\/\/wp.mundodiverso.com\/wp-content\/uploads\/2012\/08\/HANCER-ACADEMIA-2011-1299783.jpg\" alt=\"\" title=\"Como vivir as\u00ed - Hancer\" width=\"630\" height=\"330\" class=\"aligncenter size-full wp-image-851\" srcset=\"https:\/\/wp.mundodiverso.com\/wp-content\/uploads\/2012\/08\/HANCER-ACADEMIA-2011-1299783.jpg 630w, https:\/\/wp.mundodiverso.com\/wp-content\/uploads\/2012\/08\/HANCER-ACADEMIA-2011-1299783-300x157.jpg 300w, https:\/\/wp.mundodiverso.com\/wp-content\/uploads\/2012\/08\/HANCER-ACADEMIA-2011-1299783-390x205.jpg 390w\" sizes=\"auto, (max-width: 630px) 100vw, 630px\" \/><\/a><br \/>\nHancer P\u00e9rez el guatemalteco finalista de La Academia en M\u00e9xico en el a\u00f1o 2011, est\u00e1 viviendo en M\u00e9xico y estudiando en el Cefat (Centro de formaci\u00f3n de actores de televisi\u00f3n) de TV Azteca.  Pero indica que su prioridad es la m\u00fasica y se tomo el tiempo para cantar en la Villa de Guadalupe una canci\u00f3n in\u00e9dita llamada Como vivir as\u00ed, que fue grabada en video para la secci\u00f3n Acordes del programa de internet, Azteca Conecta.<br \/>\nActualmente Hancer se encuentra en Guatemala y est\u00e1 participando como jurado invitado en el programa de <a href=\"https:\/\/twitter.com\/aztecaGuate\">Azteca Guatemala<\/a> Rumbo a La Academia que termina este domingo y d\u00f3nde se escogera al representante de Guatemala en La Academia 10 en M\u00e9xico a desarrollarse este a\u00f1o.<br \/>\nAqu\u00ed te presentamos el v\u00eddeo y si te gusta Hancer lo pod\u00e9s seguir en su <a href=\"http:\/\/www.hanceroficial.com\/\">p\u00e1gina oficial<\/a> y en su cuenta de <a href=\"https:\/\/twitter.com\/HancerOficial\">Twitter<\/a>.<br \/>\n<script type=\"text\/javascript\"><!--\ngoogle_ad_client = \"ca-pub-3994227042512697\";\n\/* Banner wp *\/\ngoogle_ad_slot = \"9551224613\";\ngoogle_ad_width = 468;\ngoogle_ad_height = 60;\n\/\/-->\n<\/script><br \/>\n<script type=\"text\/javascript\"\nsrc=\"http:\/\/pagead2.googlesyndication.com\/pagead\/show_ads.js\">\n<\/script><\/p>\n<p><iframe loading=\"lazy\" width=\"640\" height=\"360\" src=\"http:\/\/www.youtube.com\/embed\/HTyG--wP8Vg?rel=0\" frameborder=\"0\" allowfullscreen><\/iframe><\/p>\n","protected":false},"excerpt":{"rendered":"<p>Hancer P\u00e9rez el guatemalteco finalista de La Academia en M\u00e9xico en el a\u00f1o 2011, est\u00e1 viviendo en M\u00e9xico y estudiando<\/p>\n","protected":false},"author":1,"featured_media":0,"comment_status":"open","ping_status":"open","sticky":false,"template":"","format":"standard","meta":{"colormag_page_container_layout":"default_layout","colormag_page_sidebar_layout":"default_layout","footnotes":""},"categories":[243,3],"tags":[570,569,356,568,566,567,571,161,51,9],"class_list":["post-850","post","type-post","status-publish","format-standard","hentry","category-musica-guatemalteca-2","category-sugerencia-musical","tag-acordes","tag-azteca-conecta","tag-azteca-guatemala","tag-cancion-inedita","tag-como-vivir-asi","tag-hancer","tag-la-academia","tag-musica-guatemalteca","tag-sugerencia-musical-2","tag-video"],"_links":{"self":[{"href":"https:\/\/wp.mundodiverso.com\/wp\/wp-json\/wp\/v2\/posts\/850","targetHints":{"allow":["GET"]}}],"collection":[{"href":"https:\/\/wp.mundodiverso.com\/wp\/wp-json\/wp\/v2\/posts"}],"about":[{"href":"https:\/\/wp.mundodiverso.com\/wp\/wp-json\/wp\/v2\/types\/post"}],"author":[{"embeddable":true,"href":"https:\/\/wp.mundodiverso.com\/wp\/wp-json\/wp\/v2\/users\/1"}],"replies":[{"embeddable":true,"href":"https:\/\/wp.mundodiverso.com\/wp\/wp-json\/wp\/v2\/comments?post=850"}],"version-history":[{"count":7,"href":"https:\/\/wp.mundodiverso.com\/wp\/wp-json\/wp\/v2\/posts\/850\/revisions"}],"predecessor-version":[{"id":858,"href":"https:\/\/wp.mundodiverso.com\/wp\/wp-json\/wp\/v2\/posts\/850\/revisions\/858"}],"wp:attachment":[{"href":"https:\/\/wp.mundodiverso.com\/wp\/wp-json\/wp\/v2\/media?parent=850"}],"wp:term":[{"taxonomy":"category","embeddable":true,"href":"https:\/\/wp.mundodiverso.com\/wp\/wp-json\/wp\/v2\/categories?post=850"},{"taxonomy":"post_tag","embeddable":true,"href":"https:\/\/wp.mundodiverso.com\/wp\/wp-json\/wp\/v2\/tags?post=850"}],"curies":[{"name":"wp","href":"https:\/\/api.w.org\/{rel}","templated":true}]}}