{"id":531,"date":"2012-05-01T18:44:28","date_gmt":"2012-05-02T00:44:28","guid":{"rendered":"http:\/\/wp.mundodiverso.com\/?p=531"},"modified":"2012-05-01T18:48:55","modified_gmt":"2012-05-02T00:48:55","slug":"trabaja","status":"publish","type":"post","link":"https:\/\/wp.mundodiverso.com\/wp\/2012\/05\/01\/trabaja\/","title":{"rendered":"Trabaja"},"content":{"rendered":"<p><a href=\"https:\/\/wp.mundodiverso.com\/wp-content\/uploads\/2012\/05\/trabajo.jpg\"><img loading=\"lazy\" decoding=\"async\" src=\"https:\/\/wp.mundodiverso.com\/wp-content\/uploads\/2012\/05\/trabajo.jpg\" alt=\"\" width=\"480\" height=\"360\" class=\"alignleft size-full wp-image-532\" srcset=\"https:\/\/wp.mundodiverso.com\/wp-content\/uploads\/2012\/05\/trabajo.jpg 480w, https:\/\/wp.mundodiverso.com\/wp-content\/uploads\/2012\/05\/trabajo-300x225.jpg 300w\" sizes=\"auto, (max-width: 480px) 100vw, 480px\" \/><\/a><br \/>\nAhora que ya est\u00e1 terminando el d\u00eda del trabajo, se me vino a la mente un poema muy bonito que es el \u00fanico que le he escuchado declamar a mi pap\u00e1 y es muy ad hoc en este d\u00eda.  Aqu\u00ed se los comparto, se titula Trabaja y es del poeta venezolano El\u00edas Calixto Pompa.<\/p>\n<p><script type=\"text\/javascript\"><!--\ngoogle_ad_client = \"ca-pub-3994227042512697\";\n\/* 468x60, creado 9\/01\/09 *\/\ngoogle_ad_slot = \"4374462416\";\ngoogle_ad_width = 468;\ngoogle_ad_height = 60;\n\/\/-->\n<\/script><br \/>\n<script type=\"text\/javascript\"\nsrc=\"http:\/\/pagead2.googlesyndication.com\/pagead\/show_ads.js\">\n<\/script><br \/>\n<strong>Trabaja<\/strong><\/p>\n<p>Trabaja, joven, sin cesar trabaja:<br \/>\nla frente honrada que en sudor se moja,<br \/>\njam\u00e1s ante otra frente se sonroja,<br \/>\nni se rinde servil a quien la ultraja.<\/p>\n<p>Tarde la nieve de los a\u00f1os cuaja<br \/>\nsobre quien lejos la indolencia arroja;<br \/>\nsu cuerpo al roble por lo fuerte, enoja;<br \/>\nsu alma del mundo al lodazal no baja.<\/p>\n<p>El pan que da el trabajo es m\u00e1s sabroso<br \/>\nque la escondida miel que con empe\u00f1o<br \/>\nliba la abeja en el rosal frondoso.<\/p>\n<p>Si comes ese pan ser\u00e1s tu due\u00f1o,<br \/>\nmas si del ocio ruedas al abismo<br \/>\ntodo serlo podr\u00e1s, menos t\u00fa mismo.<\/p>\n","protected":false},"excerpt":{"rendered":"<p>Ahora que ya est\u00e1 terminando el d\u00eda del trabajo, se me vino a la mente un poema muy bonito que<\/p>\n","protected":false},"author":2,"featured_media":0,"comment_status":"open","ping_status":"open","sticky":false,"template":"","format":"standard","meta":{"colormag_page_container_layout":"default_layout","colormag_page_sidebar_layout":"default_layout","footnotes":""},"categories":[45],"tags":[345,344,342,56,346,341,347,343],"class_list":["post-531","post","type-post","status-publish","format-standard","hentry","category-catalejo","tag-1-de-mayo","tag-dia-del-trabajo","tag-elias-calixto-pompa","tag-poema","tag-poeta-venezolano","tag-trabaja","tag-trabaja-joven","tag-trabajo"],"_links":{"self":[{"href":"https:\/\/wp.mundodiverso.com\/wp\/wp-json\/wp\/v2\/posts\/531","targetHints":{"allow":["GET"]}}],"collection":[{"href":"https:\/\/wp.mundodiverso.com\/wp\/wp-json\/wp\/v2\/posts"}],"about":[{"href":"https:\/\/wp.mundodiverso.com\/wp\/wp-json\/wp\/v2\/types\/post"}],"author":[{"embeddable":true,"href":"https:\/\/wp.mundodiverso.com\/wp\/wp-json\/wp\/v2\/users\/2"}],"replies":[{"embeddable":true,"href":"https:\/\/wp.mundodiverso.com\/wp\/wp-json\/wp\/v2\/comments?post=531"}],"version-history":[{"count":6,"href":"https:\/\/wp.mundodiverso.com\/wp\/wp-json\/wp\/v2\/posts\/531\/revisions"}],"predecessor-version":[{"id":538,"href":"https:\/\/wp.mundodiverso.com\/wp\/wp-json\/wp\/v2\/posts\/531\/revisions\/538"}],"wp:attachment":[{"href":"https:\/\/wp.mundodiverso.com\/wp\/wp-json\/wp\/v2\/media?parent=531"}],"wp:term":[{"taxonomy":"category","embeddable":true,"href":"https:\/\/wp.mundodiverso.com\/wp\/wp-json\/wp\/v2\/categories?post=531"},{"taxonomy":"post_tag","embeddable":true,"href":"https:\/\/wp.mundodiverso.com\/wp\/wp-json\/wp\/v2\/tags?post=531"}],"curies":[{"name":"wp","href":"https:\/\/api.w.org\/{rel}","templated":true}]}}