{"id":486,"date":"2012-04-27T12:37:55","date_gmt":"2012-04-27T18:37:55","guid":{"rendered":"http:\/\/wp.mundodiverso.com\/?p=486"},"modified":"2012-04-27T12:37:55","modified_gmt":"2012-04-27T18:37:55","slug":"ready-to-go-segundo-sencillo-de-ale-mendoza","status":"publish","type":"post","link":"https:\/\/wp.mundodiverso.com\/wp\/2012\/04\/27\/ready-to-go-segundo-sencillo-de-ale-mendoza\/","title":{"rendered":"Ready to Go, segundo sencillo de Ale Mendoza"},"content":{"rendered":"<p><a href=\"https:\/\/wp.mundodiverso.com\/wp-content\/uploads\/2012\/04\/alemendoza.jpg\"><img loading=\"lazy\" decoding=\"async\" src=\"https:\/\/wp.mundodiverso.com\/wp-content\/uploads\/2012\/04\/alemendoza.jpg\" alt=\"\" title=\"Ready to Go - Ale Mendoza\" width=\"640\" height=\"640\" class=\"aligncenter size-full wp-image-487\" srcset=\"https:\/\/wp.mundodiverso.com\/wp-content\/uploads\/2012\/04\/alemendoza.jpg 640w, https:\/\/wp.mundodiverso.com\/wp-content\/uploads\/2012\/04\/alemendoza-150x150.jpg 150w, https:\/\/wp.mundodiverso.com\/wp-content\/uploads\/2012\/04\/alemendoza-300x300.jpg 300w\" sizes=\"auto, (max-width: 640px) 100vw, 640px\" \/><\/a><br \/>\nAle Mendoza, el joven cantante guatemalteco de estilo tropical urbano y pop latino presenta su segundo sencillo Ready to Go, el cual se desprende de su disco debut Sue\u00f1o=Realidad.  Actualmente lo est\u00e1 promocionando fuertemente en televisi\u00f3n y en Radio y aqu\u00ed te lo presentamos, apoy\u00e1 la m\u00fasica hecha en Guate.  Si deseas conocer m\u00e1s informaci\u00f3n de este artista nacional pod\u00e9s visitar su <a href=\"http:\/\/alemendoza.com\/\">Sitio Oficial<\/a> o su <a href=\"http:\/\/www.facebook.com\/AleMendozaMusic\">P\u00e1gina de Facebook<\/a>.<br \/>\n<script type=\"text\/javascript\"><!--\ngoogle_ad_client = \"ca-pub-3994227042512697\";\n\/* 468x60, creado 9\/01\/09 *\/\ngoogle_ad_slot = \"4374462416\";\ngoogle_ad_width = 468;\ngoogle_ad_height = 60;\n\/\/-->\n<\/script><br \/>\n<script type=\"text\/javascript\"\nsrc=\"http:\/\/pagead2.googlesyndication.com\/pagead\/show_ads.js\">\n<\/script><br \/>\n<iframe loading=\"lazy\" width=\"640\" height=\"360\" src=\"http:\/\/www.youtube.com\/embed\/4XUZluCnTMc\" frameborder=\"0\" allowfullscreen><\/iframe><\/p>\n","protected":false},"excerpt":{"rendered":"<p>Ale Mendoza, el joven cantante guatemalteco de estilo tropical urbano y pop latino presenta su segundo sencillo Ready to Go,<\/p>\n","protected":false},"author":1,"featured_media":0,"comment_status":"open","ping_status":"open","sticky":false,"template":"","format":"standard","meta":{"colormag_page_container_layout":"default_layout","colormag_page_sidebar_layout":"default_layout","footnotes":""},"categories":[243,3],"tags":[311,161,155,310,94,312,51,9],"class_list":["post-486","post","type-post","status-publish","format-standard","hentry","category-musica-guatemalteca-2","category-sugerencia-musical","tag-ale-mendoza","tag-musica-guatemalteca","tag-nuevo-sencillo","tag-ready-to-go","tag-segundo-sencillo","tag-suenorealidad","tag-sugerencia-musical-2","tag-video"],"_links":{"self":[{"href":"https:\/\/wp.mundodiverso.com\/wp\/wp-json\/wp\/v2\/posts\/486","targetHints":{"allow":["GET"]}}],"collection":[{"href":"https:\/\/wp.mundodiverso.com\/wp\/wp-json\/wp\/v2\/posts"}],"about":[{"href":"https:\/\/wp.mundodiverso.com\/wp\/wp-json\/wp\/v2\/types\/post"}],"author":[{"embeddable":true,"href":"https:\/\/wp.mundodiverso.com\/wp\/wp-json\/wp\/v2\/users\/1"}],"replies":[{"embeddable":true,"href":"https:\/\/wp.mundodiverso.com\/wp\/wp-json\/wp\/v2\/comments?post=486"}],"version-history":[{"count":2,"href":"https:\/\/wp.mundodiverso.com\/wp\/wp-json\/wp\/v2\/posts\/486\/revisions"}],"predecessor-version":[{"id":489,"href":"https:\/\/wp.mundodiverso.com\/wp\/wp-json\/wp\/v2\/posts\/486\/revisions\/489"}],"wp:attachment":[{"href":"https:\/\/wp.mundodiverso.com\/wp\/wp-json\/wp\/v2\/media?parent=486"}],"wp:term":[{"taxonomy":"category","embeddable":true,"href":"https:\/\/wp.mundodiverso.com\/wp\/wp-json\/wp\/v2\/categories?post=486"},{"taxonomy":"post_tag","embeddable":true,"href":"https:\/\/wp.mundodiverso.com\/wp\/wp-json\/wp\/v2\/tags?post=486"}],"curies":[{"name":"wp","href":"https:\/\/api.w.org\/{rel}","templated":true}]}}