{"id":453,"date":"2012-04-10T23:41:12","date_gmt":"2012-04-11T05:41:12","guid":{"rendered":"http:\/\/wp.mundodiverso.com\/?p=453"},"modified":"2012-04-10T23:41:12","modified_gmt":"2012-04-11T05:41:12","slug":"presentacion-del-disco-mas-cerca-del-cielo-de-giovanni-passarelli","status":"publish","type":"post","link":"https:\/\/wp.mundodiverso.com\/wp\/2012\/04\/10\/presentacion-del-disco-mas-cerca-del-cielo-de-giovanni-passarelli\/","title":{"rendered":"Presentaci\u00f3n del disco M\u00e1s cerca del Cielo de Giovanni Passarelli"},"content":{"rendered":"<p><a href=\"https:\/\/wp.mundodiverso.com\/wp-content\/uploads\/2012\/04\/invitacion1.jpg\"><img loading=\"lazy\" decoding=\"async\" src=\"https:\/\/wp.mundodiverso.com\/wp-content\/uploads\/2012\/04\/invitacion1.jpg\" alt=\"\" title=\"Giovanni Passarelli - M\u00e1s cerca del cielo\" width=\"640\" height=\"334\" class=\"aligncenter size-full wp-image-456\" srcset=\"https:\/\/wp.mundodiverso.com\/wp-content\/uploads\/2012\/04\/invitacion1.jpg 640w, https:\/\/wp.mundodiverso.com\/wp-content\/uploads\/2012\/04\/invitacion1-300x157.jpg 300w, https:\/\/wp.mundodiverso.com\/wp-content\/uploads\/2012\/04\/invitacion1-390x205.jpg 390w\" sizes=\"auto, (max-width: 640px) 100vw, 640px\" \/><\/a><br \/>\nEl jueves 19 de abril es la presentaci\u00f3n oficial del nuevo disco de <a href=\"http:\/\/wp.mundodiverso.com\/2012\/03\/21\/giovanni-passarelli-lanza-su-nuevo-sencillo-aun-sueno-contigo\/#.T4UWLFHSra0\">Giovanni Passarelli<\/a>, M\u00e1s cerca del cielo, en el Teatro de IGA a las 20:00 Hrs.  La admisi\u00f3n es de Q 60.00, te invitamos a asistir y continuemos apoyando la m\u00fasica guatemalteca y a los artistas nacionales.<br \/>\nAqu\u00ed te dejamos un playlist con la m\u00fasica su m\u00fasica para que la conozcas y apoyes.<br \/>\n<script type=\"text\/javascript\"><!--\ngoogle_ad_client = \"ca-pub-3994227042512697\";\n\/* 468x60, creado 9\/01\/09 *\/\ngoogle_ad_slot = \"4374462416\";\ngoogle_ad_width = 468;\ngoogle_ad_height = 60;\n\/\/-->\n<\/script><br \/>\n<script type=\"text\/javascript\"\nsrc=\"http:\/\/pagead2.googlesyndication.com\/pagead\/show_ads.js\">\n<\/script><br \/>\n<embed type=\"application\/x-shockwave-flash\" src=\"http:\/\/www.reverbnation.com\/widgets\/swf\/18\/facebook_widget.swf\" height=\"474\" width=\"640\" align=\"top\" bgcolor=\"#ffffff\" loop=\"false\" wmode=\"opaque\" quality=\"best\" allowScriptAccess=\"always\" allowNetworking=\"all\" allowFullScreen=\"true\" seamlesstabbing=\"false\" flashvars=\"web_server=http:\/\/www.reverbnation.com&#038;id=artist_228792\" \/><\/p>\n","protected":false},"excerpt":{"rendered":"<p>El jueves 19 de abril es la presentaci\u00f3n oficial del nuevo disco de Giovanni Passarelli, M\u00e1s cerca del cielo, en<\/p>\n","protected":false},"author":1,"featured_media":0,"comment_status":"open","ping_status":"open","sticky":false,"template":"","format":"standard","meta":{"colormag_page_container_layout":"default_layout","colormag_page_sidebar_layout":"default_layout","footnotes":""},"categories":[16,243,3],"tags":[251,253,161,164,292,51,293],"class_list":["post-453","post","type-post","status-publish","format-standard","hentry","category-conciertos","category-musica-guatemalteca-2","category-sugerencia-musical","tag-giovanni-passarelli","tag-mas-cerca-del-cielo","tag-musica-guatemalteca","tag-nuevo-disco","tag-presentacion-oficial","tag-sugerencia-musical-2","tag-teatro-del-iga"],"_links":{"self":[{"href":"https:\/\/wp.mundodiverso.com\/wp\/wp-json\/wp\/v2\/posts\/453","targetHints":{"allow":["GET"]}}],"collection":[{"href":"https:\/\/wp.mundodiverso.com\/wp\/wp-json\/wp\/v2\/posts"}],"about":[{"href":"https:\/\/wp.mundodiverso.com\/wp\/wp-json\/wp\/v2\/types\/post"}],"author":[{"embeddable":true,"href":"https:\/\/wp.mundodiverso.com\/wp\/wp-json\/wp\/v2\/users\/1"}],"replies":[{"embeddable":true,"href":"https:\/\/wp.mundodiverso.com\/wp\/wp-json\/wp\/v2\/comments?post=453"}],"version-history":[{"count":5,"href":"https:\/\/wp.mundodiverso.com\/wp\/wp-json\/wp\/v2\/posts\/453\/revisions"}],"predecessor-version":[{"id":460,"href":"https:\/\/wp.mundodiverso.com\/wp\/wp-json\/wp\/v2\/posts\/453\/revisions\/460"}],"wp:attachment":[{"href":"https:\/\/wp.mundodiverso.com\/wp\/wp-json\/wp\/v2\/media?parent=453"}],"wp:term":[{"taxonomy":"category","embeddable":true,"href":"https:\/\/wp.mundodiverso.com\/wp\/wp-json\/wp\/v2\/categories?post=453"},{"taxonomy":"post_tag","embeddable":true,"href":"https:\/\/wp.mundodiverso.com\/wp\/wp-json\/wp\/v2\/tags?post=453"}],"curies":[{"name":"wp","href":"https:\/\/api.w.org\/{rel}","templated":true}]}}