{"id":3174,"date":"2026-04-28T15:39:32","date_gmt":"2026-04-28T21:39:32","guid":{"rendered":"https:\/\/wp.mundodiverso.com\/wp\/?p=3174"},"modified":"2026-04-28T15:39:32","modified_gmt":"2026-04-28T21:39:32","slug":"el-rearme-de-alemania","status":"publish","type":"post","link":"https:\/\/wp.mundodiverso.com\/wp\/2026\/04\/28\/el-rearme-de-alemania\/","title":{"rendered":"El rearme de Alemania"},"content":{"rendered":"\n<h2 class=\"wp-block-heading\">Esta historia nunca acaba bien<\/h2>\n\n\n\n<p>En este v\u00eddeo, Pablo Iglesias, Irene Zugasti, Manu Levin y Edu Garcia, analizan el gran proyecto de Alemania de armarse hasta los dientes para convertirse en el siglo XXI en el mayor ej\u00e9rcito de Europa, as\u00ed como lo fueron en el Siglo XX y que como de todos es conocido fue un gran peligro que acarre\u00f3 la segunda guerra mundial de manos de Adolfo Hitler y el nazismo alem\u00e1n.<\/p>\n\n\n\n<p>Por supuesto que como en todos los pa\u00edses que est\u00e1n en esta locura de rearmarse, con la falsa excusa de un ataque inminente de Rusia, de lo cual no hay ninguna base sustentable, Alemania recortar\u00e1 recursos en sanidad, pensiones y educaci\u00f3n en detrimento de sus ciudadanos para tener m\u00e1s armas, vaya ideales y valores los que est\u00e1n emergiendo en estos tiempos que parece tener la intenci\u00f3n de llevarnos al exterminio.<\/p>\n\n\n\n<script async src=\"https:\/\/pagead2.googlesyndication.com\/pagead\/js\/adsbygoogle.js?client=ca-pub-3994227042512697\"\n     crossorigin=\"anonymous\"><\/script>\n<!-- PostMDMarzo2026 -->\n<ins class=\"adsbygoogle\"\n     style=\"display:block\"\n     data-ad-client=\"ca-pub-3994227042512697\"\n     data-ad-slot=\"9711978951\"\n     data-ad-format=\"auto\"\n     data-full-width-responsive=\"true\"><\/ins>\n<script>\n     (adsbygoogle = window.adsbygoogle || []).push({});\n<\/script>\n\n\n\n<figure class=\"wp-block-embed is-type-video is-provider-youtube wp-block-embed-youtube wp-embed-aspect-16-9 wp-has-aspect-ratio\"><div class=\"wp-block-embed__wrapper\">\n<iframe loading=\"lazy\" title=\"La Base 6x126 | Esta historia nunca acaba bien\" width=\"800\" height=\"450\" src=\"https:\/\/www.youtube.com\/embed\/GnDQzra5G0g?feature=oembed\" frameborder=\"0\" allow=\"accelerometer; autoplay; clipboard-write; encrypted-media; gyroscope; picture-in-picture; web-share\" referrerpolicy=\"strict-origin-when-cross-origin\" allowfullscreen><\/iframe>\n<\/div><\/figure>\n\n\n\nAdsterra\n<script>\n  atOptions = {\n    'key' : 'b06c0b3ed450e0dffbb9c30a049d218c',\n    'format' : 'iframe',\n    'height' : 90,\n    'width' : 728,\n    'params' : {}\n  };\n<\/script>\n<script src=\"https:\/\/www.highperformanceformat.com\/b06c0b3ed450e0dffbb9c30a049d218c\/invoke.js\"><\/script>\n","protected":false},"excerpt":{"rendered":"<p>Esta historia nunca acaba bien En este v\u00eddeo, Pablo Iglesias, Irene Zugasti, Manu Levin y Edu Garcia, analizan el gran<\/p>\n","protected":false},"author":1,"featured_media":3175,"comment_status":"open","ping_status":"open","sticky":false,"template":"","format":"standard","meta":{"colormag_page_container_layout":"default_layout","colormag_page_sidebar_layout":"default_layout","footnotes":""},"categories":[3236,3229],"tags":[3383,3472,3466,3468,3470,3248,3471,3259,3465,3469],"class_list":["post-3174","post","type-post","status-publish","format-standard","has-post-thumbnail","hentry","category-geopolitica","category-labase","tag-alemania","tag-alternativa-por-alemania","tag-carrera-militar","tag-ejercito","tag-hitler","tag-la-base","tag-nazismo","tag-pablo-iglesias","tag-rearme","tag-seguridad"],"_links":{"self":[{"href":"https:\/\/wp.mundodiverso.com\/wp\/wp-json\/wp\/v2\/posts\/3174","targetHints":{"allow":["GET"]}}],"collection":[{"href":"https:\/\/wp.mundodiverso.com\/wp\/wp-json\/wp\/v2\/posts"}],"about":[{"href":"https:\/\/wp.mundodiverso.com\/wp\/wp-json\/wp\/v2\/types\/post"}],"author":[{"embeddable":true,"href":"https:\/\/wp.mundodiverso.com\/wp\/wp-json\/wp\/v2\/users\/1"}],"replies":[{"embeddable":true,"href":"https:\/\/wp.mundodiverso.com\/wp\/wp-json\/wp\/v2\/comments?post=3174"}],"version-history":[{"count":1,"href":"https:\/\/wp.mundodiverso.com\/wp\/wp-json\/wp\/v2\/posts\/3174\/revisions"}],"predecessor-version":[{"id":3176,"href":"https:\/\/wp.mundodiverso.com\/wp\/wp-json\/wp\/v2\/posts\/3174\/revisions\/3176"}],"wp:featuredmedia":[{"embeddable":true,"href":"https:\/\/wp.mundodiverso.com\/wp\/wp-json\/wp\/v2\/media\/3175"}],"wp:attachment":[{"href":"https:\/\/wp.mundodiverso.com\/wp\/wp-json\/wp\/v2\/media?parent=3174"}],"wp:term":[{"taxonomy":"category","embeddable":true,"href":"https:\/\/wp.mundodiverso.com\/wp\/wp-json\/wp\/v2\/categories?post=3174"},{"taxonomy":"post_tag","embeddable":true,"href":"https:\/\/wp.mundodiverso.com\/wp\/wp-json\/wp\/v2\/tags?post=3174"}],"curies":[{"name":"wp","href":"https:\/\/api.w.org\/{rel}","templated":true}]}}