{"id":301,"date":"2012-02-15T18:17:02","date_gmt":"2012-02-16T00:17:02","guid":{"rendered":"http:\/\/wp.mundodiverso.com\/?p=301"},"modified":"2012-02-15T18:17:02","modified_gmt":"2012-02-16T00:17:02","slug":"bar-rafaeli-y-rafael-nadal-posan-para-la-revista-sports-illustrated","status":"publish","type":"post","link":"https:\/\/wp.mundodiverso.com\/wp\/2012\/02\/15\/bar-rafaeli-y-rafael-nadal-posan-para-la-revista-sports-illustrated\/","title":{"rendered":"Bar Rafaeli y Rafael Nadal posan para la revista Sports Illustrated"},"content":{"rendered":"<p><a href=\"https:\/\/wp.mundodiverso.com\/wp-content\/uploads\/2012\/02\/Rafa-Nadal-y-Bar-Refaeli-3.jpg\"><img loading=\"lazy\" decoding=\"async\" src=\"https:\/\/wp.mundodiverso.com\/wp-content\/uploads\/2012\/02\/Rafa-Nadal-y-Bar-Refaeli-3.jpg\" alt=\"Revista Sports Illustrated\" title=\"Rafa Nadal y Bar Refaeli \" width=\"600\" height=\"400\" class=\"aligncenter size-full wp-image-302\" srcset=\"https:\/\/wp.mundodiverso.com\/wp-content\/uploads\/2012\/02\/Rafa-Nadal-y-Bar-Refaeli-3.jpg 600w, https:\/\/wp.mundodiverso.com\/wp-content\/uploads\/2012\/02\/Rafa-Nadal-y-Bar-Refaeli-3-300x200.jpg 300w\" sizes=\"auto, (max-width: 600px) 100vw, 600px\" \/><\/a><br \/>\nEl tenista espa\u00f1ol Rafa Nadal, n\u00famero dos del mundo y la modelo israel\u00ed Bar Rafaeli, posaron en traje de ba\u00f1o para la revista Sports Illustrated, a continuaci\u00f3n te dejamos un video de la sesi\u00f3n de fotos.<br \/>\n<script type=\"text\/javascript\"><!--\ngoogle_ad_client = \"ca-pub-3994227042512697\";\n\/* 468x60, creado 9\/01\/09 *\/\ngoogle_ad_slot = \"4374462416\";\ngoogle_ad_width = 468;\ngoogle_ad_height = 60;\n\/\/-->\n<\/script><br \/>\n<script type=\"text\/javascript\"\nsrc=\"http:\/\/pagead2.googlesyndication.com\/pagead\/show_ads.js\">\n<\/script><br \/>\n<object width=\"400\" height=\"295\" classid=\"clsid:D27CDB6E-AE6D-11cf-96B8-444553540000\" id=\"ep_1100\"><param name=\"allowfullscreen\" value=\"true\" \/><param name=\"allowscriptaccess\" value=\"always\" \/><param name=\"movie\" value=\"http:\/\/i.cdn.turner.com\/si\/.element\/swf\/4.1\/global\/cvp\/si_swim_embed.swf?context=swim11embed&#038;contentId=swimsuit\/2012-bar-refaeli-rafael-nadal\" \/><param name=\"bgcolor\" value=\"#000000\" \/><embed src=\"http:\/\/i.cdn.turner.com\/si\/.element\/swf\/4.1\/global\/cvp\/si_swim_embed.swf?context=swim11embed&#038;contentId=swimsuit\/2012-bar-refaeli-rafael-nadal\" type=\"application\/x-shockwave-flash\" bgcolor=\"#000000\" allowfullscreen=\"true\" allowscriptaccess=\"always\" width=\"400\" height=\"295\"><\/embed><\/object><\/p>\n","protected":false},"excerpt":{"rendered":"<p>El tenista espa\u00f1ol Rafa Nadal, n\u00famero dos del mundo y la modelo israel\u00ed Bar Rafaeli, posaron en traje de ba\u00f1o<\/p>\n","protected":false},"author":1,"featured_media":0,"comment_status":"open","ping_status":"open","sticky":false,"template":"","format":"standard","meta":{"colormag_page_container_layout":"default_layout","colormag_page_sidebar_layout":"default_layout","footnotes":""},"categories":[17],"tags":[179,180,178,182,183,181],"class_list":["post-301","post","type-post","status-publish","format-standard","hentry","category-deportes","tag-bar-rafaeli","tag-fotos","tag-rafa-nadal","tag-revista","tag-sports-illustrated","tag-traje-de-barno"],"_links":{"self":[{"href":"https:\/\/wp.mundodiverso.com\/wp\/wp-json\/wp\/v2\/posts\/301","targetHints":{"allow":["GET"]}}],"collection":[{"href":"https:\/\/wp.mundodiverso.com\/wp\/wp-json\/wp\/v2\/posts"}],"about":[{"href":"https:\/\/wp.mundodiverso.com\/wp\/wp-json\/wp\/v2\/types\/post"}],"author":[{"embeddable":true,"href":"https:\/\/wp.mundodiverso.com\/wp\/wp-json\/wp\/v2\/users\/1"}],"replies":[{"embeddable":true,"href":"https:\/\/wp.mundodiverso.com\/wp\/wp-json\/wp\/v2\/comments?post=301"}],"version-history":[{"count":2,"href":"https:\/\/wp.mundodiverso.com\/wp\/wp-json\/wp\/v2\/posts\/301\/revisions"}],"predecessor-version":[{"id":304,"href":"https:\/\/wp.mundodiverso.com\/wp\/wp-json\/wp\/v2\/posts\/301\/revisions\/304"}],"wp:attachment":[{"href":"https:\/\/wp.mundodiverso.com\/wp\/wp-json\/wp\/v2\/media?parent=301"}],"wp:term":[{"taxonomy":"category","embeddable":true,"href":"https:\/\/wp.mundodiverso.com\/wp\/wp-json\/wp\/v2\/categories?post=301"},{"taxonomy":"post_tag","embeddable":true,"href":"https:\/\/wp.mundodiverso.com\/wp\/wp-json\/wp\/v2\/tags?post=301"}],"curies":[{"name":"wp","href":"https:\/\/api.w.org\/{rel}","templated":true}]}}