{"id":2624,"date":"2016-02-14T02:38:28","date_gmt":"2016-02-14T08:38:28","guid":{"rendered":"http:\/\/wp.mundodiverso.com\/wp\/?p=2624"},"modified":"2016-02-14T02:38:28","modified_gmt":"2016-02-14T08:38:28","slug":"viento-en-contra-y-su-serenata-chapina","status":"publish","type":"post","link":"https:\/\/wp.mundodiverso.com\/wp\/2016\/02\/14\/viento-en-contra-y-su-serenata-chapina\/","title":{"rendered":"Viento en Contra y su Serenata Chapina"},"content":{"rendered":"<p><img loading=\"lazy\" decoding=\"async\" src=\"https:\/\/wp.mundodiverso.com\/wp-content\/uploads\/2016\/02\/vec2.jpg\" alt=\"Viento en Contra\" width=\"800\" height=\"450\" class=\"aligncenter size-full wp-image-2627\" srcset=\"https:\/\/wp.mundodiverso.com\/wp-content\/uploads\/2016\/02\/vec2.jpg 800w, https:\/\/wp.mundodiverso.com\/wp-content\/uploads\/2016\/02\/vec2-300x169.jpg 300w, https:\/\/wp.mundodiverso.com\/wp-content\/uploads\/2016\/02\/vec2-768x432.jpg 768w\" sizes=\"auto, (max-width: 800px) 100vw, 800px\" \/><br \/>\n<a href=\"https:\/\/www.facebook.com\/vientoencontra\/?fref=ts\" target=\"_blank\">Viento en Contra<\/a> est\u00e1 celebrando sus 20 a\u00f1os de carrera y para festejarlos est\u00e1 realizando un tour por Estados Unidos, pero al mismo tiempo lanz\u00f3 el video Lyric de su nuevo sencillo Serenata Chapina.<br \/>\n<script type=\"text\/javascript\">\n    google_ad_client = \"ca-pub-3994227042512697\";\n    google_ad_slot = \"9551224613\";\n    google_ad_width = 468;\n    google_ad_height = 60;\n<\/script><br \/>\n<!-- Banner wp --><br \/>\n<script type=\"text\/javascript\"\nsrc=\"\/\/pagead2.googlesyndication.com\/pagead\/show_ads.js\">\n<\/script><br \/>\n<iframe loading=\"lazy\" width=\"800\" height=\"450\" src=\"https:\/\/www.youtube.com\/embed\/bzmUCfY8-HE?feature=oembed\" frameborder=\"0\" allowfullscreen><\/iframe><\/p>\n","protected":false},"excerpt":{"rendered":"<p>Viento en Contra est\u00e1 celebrando sus 20 a\u00f1os de carrera y para festejarlos est\u00e1 realizando un tour por Estados Unidos,<\/p>\n","protected":false},"author":1,"featured_media":2626,"comment_status":"open","ping_status":"open","sticky":false,"template":"","format":"video","meta":{"colormag_page_container_layout":"default_layout","colormag_page_sidebar_layout":"default_layout","footnotes":""},"categories":[243,3],"tags":[2929,1273,155,2928,308],"class_list":["post-2624","post","type-post","status-publish","format-video","has-post-thumbnail","hentry","category-musica-guatemalteca-2","category-sugerencia-musical","tag-20-anos","tag-lyric-video","tag-nuevo-sencillo","tag-serenata-chapina","tag-viento-en-contra","post_format-post-format-video"],"_links":{"self":[{"href":"https:\/\/wp.mundodiverso.com\/wp\/wp-json\/wp\/v2\/posts\/2624","targetHints":{"allow":["GET"]}}],"collection":[{"href":"https:\/\/wp.mundodiverso.com\/wp\/wp-json\/wp\/v2\/posts"}],"about":[{"href":"https:\/\/wp.mundodiverso.com\/wp\/wp-json\/wp\/v2\/types\/post"}],"author":[{"embeddable":true,"href":"https:\/\/wp.mundodiverso.com\/wp\/wp-json\/wp\/v2\/users\/1"}],"replies":[{"embeddable":true,"href":"https:\/\/wp.mundodiverso.com\/wp\/wp-json\/wp\/v2\/comments?post=2624"}],"version-history":[{"count":2,"href":"https:\/\/wp.mundodiverso.com\/wp\/wp-json\/wp\/v2\/posts\/2624\/revisions"}],"predecessor-version":[{"id":2629,"href":"https:\/\/wp.mundodiverso.com\/wp\/wp-json\/wp\/v2\/posts\/2624\/revisions\/2629"}],"wp:featuredmedia":[{"embeddable":true,"href":"https:\/\/wp.mundodiverso.com\/wp\/wp-json\/wp\/v2\/media\/2626"}],"wp:attachment":[{"href":"https:\/\/wp.mundodiverso.com\/wp\/wp-json\/wp\/v2\/media?parent=2624"}],"wp:term":[{"taxonomy":"category","embeddable":true,"href":"https:\/\/wp.mundodiverso.com\/wp\/wp-json\/wp\/v2\/categories?post=2624"},{"taxonomy":"post_tag","embeddable":true,"href":"https:\/\/wp.mundodiverso.com\/wp\/wp-json\/wp\/v2\/tags?post=2624"}],"curies":[{"name":"wp","href":"https:\/\/api.w.org\/{rel}","templated":true}]}}