{"id":2607,"date":"2016-01-28T21:34:39","date_gmt":"2016-01-29T03:34:39","guid":{"rendered":"http:\/\/wp.mundodiverso.com\/wp\/?p=2607"},"modified":"2016-01-28T21:34:39","modified_gmt":"2016-01-29T03:34:39","slug":"el-tambor-de-la-tribu-lanza-prendido-a-ti","status":"publish","type":"post","link":"https:\/\/wp.mundodiverso.com\/wp\/2016\/01\/28\/el-tambor-de-la-tribu-lanza-prendido-a-ti\/","title":{"rendered":"El Tambor de la Tribu lanza Prendido a T\u00ed"},"content":{"rendered":"<p><img loading=\"lazy\" decoding=\"async\" src=\"https:\/\/wp.mundodiverso.com\/wp-content\/uploads\/2016\/01\/prendido2.jpg\" alt=\"Prendido a ti\" width=\"960\" height=\"405\" class=\"aligncenter size-full wp-image-2609\" srcset=\"https:\/\/wp.mundodiverso.com\/wp-content\/uploads\/2016\/01\/prendido2.jpg 960w, https:\/\/wp.mundodiverso.com\/wp-content\/uploads\/2016\/01\/prendido2-300x127.jpg 300w, https:\/\/wp.mundodiverso.com\/wp-content\/uploads\/2016\/01\/prendido2-768x324.jpg 768w\" sizes=\"auto, (max-width: 960px) 100vw, 960px\" \/><br \/>\nEste 28 de enero fue el d\u00eda elegido por El Tambor de la Tribu para la lanzar el segundo sencillo de su trilogia Prendido a T\u00ed, la #TrilogiaTambor.  Iniciaron desde temprana hora un extenso y agitado recorrido por las m\u00e1s populares radios de la capital y a las 18:00 hrs fue el lanzamiento en YouTube del v\u00eddeo oficial. As\u00ed que reci\u00e9n salido del horno, aqu\u00ed te lo presentamos.<br \/>\n<script type=\"text\/javascript\">\n    google_ad_client = \"ca-pub-3994227042512697\";\n    google_ad_slot = \"9551224613\";\n    google_ad_width = 468;\n    google_ad_height = 60;\n<\/script><br \/>\n<!-- Banner wp --><br \/>\n<script type=\"text\/javascript\"\nsrc=\"\/\/pagead2.googlesyndication.com\/pagead\/show_ads.js\">\n<\/script><br \/>\n<iframe loading=\"lazy\" width=\"800\" height=\"450\" src=\"https:\/\/www.youtube.com\/embed\/9dsUDyQV6lA?feature=oembed\" frameborder=\"0\" allowfullscreen><\/iframe><\/p>\n","protected":false},"excerpt":{"rendered":"<p>Este 28 de enero fue el d\u00eda elegido por El Tambor de la Tribu para la lanzar el segundo sencillo<\/p>\n","protected":false},"author":1,"featured_media":2608,"comment_status":"open","ping_status":"open","sticky":false,"template":"","format":"standard","meta":{"colormag_page_container_layout":"default_layout","colormag_page_sidebar_layout":"default_layout","footnotes":""},"categories":[243,3],"tags":[118,94,11,2918,2919,33],"class_list":["post-2607","post","type-post","status-publish","format-standard","has-post-thumbnail","hentry","category-musica-guatemalteca-2","category-sugerencia-musical","tag-el-tambor-de-la-tribu","tag-segundo-sencillo","tag-tributo","tag-tributo-a-ti","tag-trilogia-tambor","tag-video-oficial"],"_links":{"self":[{"href":"https:\/\/wp.mundodiverso.com\/wp\/wp-json\/wp\/v2\/posts\/2607","targetHints":{"allow":["GET"]}}],"collection":[{"href":"https:\/\/wp.mundodiverso.com\/wp\/wp-json\/wp\/v2\/posts"}],"about":[{"href":"https:\/\/wp.mundodiverso.com\/wp\/wp-json\/wp\/v2\/types\/post"}],"author":[{"embeddable":true,"href":"https:\/\/wp.mundodiverso.com\/wp\/wp-json\/wp\/v2\/users\/1"}],"replies":[{"embeddable":true,"href":"https:\/\/wp.mundodiverso.com\/wp\/wp-json\/wp\/v2\/comments?post=2607"}],"version-history":[{"count":2,"href":"https:\/\/wp.mundodiverso.com\/wp\/wp-json\/wp\/v2\/posts\/2607\/revisions"}],"predecessor-version":[{"id":2611,"href":"https:\/\/wp.mundodiverso.com\/wp\/wp-json\/wp\/v2\/posts\/2607\/revisions\/2611"}],"wp:featuredmedia":[{"embeddable":true,"href":"https:\/\/wp.mundodiverso.com\/wp\/wp-json\/wp\/v2\/media\/2608"}],"wp:attachment":[{"href":"https:\/\/wp.mundodiverso.com\/wp\/wp-json\/wp\/v2\/media?parent=2607"}],"wp:term":[{"taxonomy":"category","embeddable":true,"href":"https:\/\/wp.mundodiverso.com\/wp\/wp-json\/wp\/v2\/categories?post=2607"},{"taxonomy":"post_tag","embeddable":true,"href":"https:\/\/wp.mundodiverso.com\/wp\/wp-json\/wp\/v2\/tags?post=2607"}],"curies":[{"name":"wp","href":"https:\/\/api.w.org\/{rel}","templated":true}]}}