{"id":2253,"date":"2015-07-03T18:12:12","date_gmt":"2015-07-04T00:12:12","guid":{"rendered":"http:\/\/wp.mundodiverso.com\/wp\/?p=2253"},"modified":"2015-07-03T18:12:12","modified_gmt":"2015-07-04T00:12:12","slug":"te-jodiste-tito-arias-una-cancion-de-fernando-lopez","status":"publish","type":"post","link":"https:\/\/wp.mundodiverso.com\/wp\/2015\/07\/03\/te-jodiste-tito-arias-una-cancion-de-fernando-lopez\/","title":{"rendered":"Te jodiste Tito Arias, una canci\u00f3n de Fernando L\u00f3pez"},"content":{"rendered":"<p><a href=\"https:\/\/wp.mundodiverso.com\/wp-content\/uploads\/2015\/07\/ferlopezt.jpg\"><img loading=\"lazy\" decoding=\"async\" src=\"https:\/\/wp.mundodiverso.com\/wp-content\/uploads\/2015\/07\/ferlopezt.jpg\" alt=\"Te jodiste Tito Arias\" width=\"600\" height=\"600\" class=\"aligncenter size-full wp-image-2255\" srcset=\"https:\/\/wp.mundodiverso.com\/wp-content\/uploads\/2015\/07\/ferlopezt.jpg 600w, https:\/\/wp.mundodiverso.com\/wp-content\/uploads\/2015\/07\/ferlopezt-150x150.jpg 150w, https:\/\/wp.mundodiverso.com\/wp-content\/uploads\/2015\/07\/ferlopezt-300x300.jpg 300w\" sizes=\"auto, (max-width: 600px) 100vw, 600px\" \/><\/a><br \/>\n<a href=\"https:\/\/wp.mundodiverso.com\/wp\/2013\/09\/12\/vamonos-patria-a-caminar-con-la-musica-y-voz-de-fernando-lopez\/\" target=\"_blank\">Fernando L\u00f3pez<\/a>, el gran cantautor guatemalteco, activista de las causas justas y de los derechos humanos, se ha unido en estos \u00faltimos meses a las marchas y manifestaciones ciudadanas en la lucha que tenemos los guatemaltecos que deseamos mejorar nuestro pa\u00eds y expulsar a los corruptos que nos gobiernan actualmente y establecer las reformas necesarias para sanear nuestro sistema perverso. Por supuesto el Maestro L\u00f3pez lo ha hecho brind\u00e1ndonos su arte interpretando sus canciones en la Plaza de la Constituci\u00f3n en los festivales organizados por <a href=\"https:\/\/www.facebook.com\/protestARTEgt?fref=ts\" target=\"_blank\">ProtestArte<\/a> y fruto de esas participaciones c\u00edvicas naci\u00f3 la canci\u00f3n \u00abTe jodiste Tito Arias\u00bb que el trovador present\u00f3 en sus redes sociales de la siguiente manera: \u00abMe permito compartir este registro en vivo en la plaza central realizada por La Siembra Ixmucan\u00e9. Esta canci\u00f3n que compuse basada en las d\u00e9cimas de Danis Rodriguez. Gracias a la bater\u00eda espont\u00e1nea de Chacas Kno. gracias por difundirla!!\u00bb.<br \/>\n<a href=\"https:\/\/wp.mundodiverso.com\/wp-content\/uploads\/2015\/07\/Tetoca-tito-arias.jpg\"><img loading=\"lazy\" decoding=\"async\" src=\"https:\/\/wp.mundodiverso.com\/wp-content\/uploads\/2015\/07\/Tetoca-tito-arias.jpg\" alt=\"Tito Arias\" width=\"640\" height=\"480\" class=\"aligncenter size-full wp-image-2257\" srcset=\"https:\/\/wp.mundodiverso.com\/wp-content\/uploads\/2015\/07\/Tetoca-tito-arias.jpg 640w, https:\/\/wp.mundodiverso.com\/wp-content\/uploads\/2015\/07\/Tetoca-tito-arias-300x225.jpg 300w\" sizes=\"auto, (max-width: 640px) 100vw, 640px\" \/><\/a><br \/>\nAs\u00ed que con mucho civismo y porque estamos comprometidos con las justas demandas ciudadadanas y apoyamos el grito ciudadano que clama por justicia y la renuncia del presidente Otto P\u00e9rez Molina, el jefe de la banda de traidores y ladrones que ha sido por mucho, el gobierno m\u00e1s corrupto de la historia de este pa\u00eds, difundimos esta brav\u00eda canci\u00f3n que todos los guatemaltecos deber\u00edamos tomar como estandarte en la lucha por la salida de este presidente impresentable que nos defraud\u00f3 y nos traicion\u00f3 a todos.<br \/>\n<script type=\"text\/javascript\">\n    google_ad_client = \"ca-pub-3994227042512697\";\n    google_ad_slot = \"9551224613\";\n    google_ad_width = 468;\n    google_ad_height = 60;\n<\/script><br \/>\n<!-- Banner wp --><br \/>\n<script type=\"text\/javascript\"\nsrc=\"\/\/pagead2.googlesyndication.com\/pagead\/show_ads.js\">\n<\/script><\/p>\n<p><iframe loading=\"lazy\" width=\"800\" height=\"450\" src=\"https:\/\/www.youtube.com\/embed\/nOO-CXkaOwI?feature=oembed\" frameborder=\"0\" allowfullscreen><\/iframe><\/p>\n","protected":false},"excerpt":{"rendered":"<p>Fernando L\u00f3pez, el gran cantautor guatemalteco, activista de las causas justas y de los derechos humanos, se ha unido en<\/p>\n","protected":false},"author":1,"featured_media":2254,"comment_status":"open","ping_status":"open","sticky":false,"template":"","format":"video","meta":{"colormag_page_container_layout":"default_layout","colormag_page_sidebar_layout":"default_layout","footnotes":""},"categories":[13,243],"tags":[416,2866,1165,2824,2823],"class_list":["post-2253","post","type-post","status-publish","format-video","has-post-thumbnail","hentry","category-guatemala","category-musica-guatemalteca-2","tag-cancion","tag-guatemala","tag-otto-perez-molina","tag-renuncia-ya","tag-te-jodiste-tito-arias","post_format-post-format-video"],"_links":{"self":[{"href":"https:\/\/wp.mundodiverso.com\/wp\/wp-json\/wp\/v2\/posts\/2253","targetHints":{"allow":["GET"]}}],"collection":[{"href":"https:\/\/wp.mundodiverso.com\/wp\/wp-json\/wp\/v2\/posts"}],"about":[{"href":"https:\/\/wp.mundodiverso.com\/wp\/wp-json\/wp\/v2\/types\/post"}],"author":[{"embeddable":true,"href":"https:\/\/wp.mundodiverso.com\/wp\/wp-json\/wp\/v2\/users\/1"}],"replies":[{"embeddable":true,"href":"https:\/\/wp.mundodiverso.com\/wp\/wp-json\/wp\/v2\/comments?post=2253"}],"version-history":[{"count":4,"href":"https:\/\/wp.mundodiverso.com\/wp\/wp-json\/wp\/v2\/posts\/2253\/revisions"}],"predecessor-version":[{"id":2260,"href":"https:\/\/wp.mundodiverso.com\/wp\/wp-json\/wp\/v2\/posts\/2253\/revisions\/2260"}],"wp:featuredmedia":[{"embeddable":true,"href":"https:\/\/wp.mundodiverso.com\/wp\/wp-json\/wp\/v2\/media\/2254"}],"wp:attachment":[{"href":"https:\/\/wp.mundodiverso.com\/wp\/wp-json\/wp\/v2\/media?parent=2253"}],"wp:term":[{"taxonomy":"category","embeddable":true,"href":"https:\/\/wp.mundodiverso.com\/wp\/wp-json\/wp\/v2\/categories?post=2253"},{"taxonomy":"post_tag","embeddable":true,"href":"https:\/\/wp.mundodiverso.com\/wp\/wp-json\/wp\/v2\/tags?post=2253"}],"curies":[{"name":"wp","href":"https:\/\/api.w.org\/{rel}","templated":true}]}}