{"id":2007,"date":"2014-11-22T03:11:10","date_gmt":"2014-11-22T09:11:10","guid":{"rendered":"http:\/\/wp.mundodiverso.com\/wp\/?p=2007"},"modified":"2015-06-13T01:06:01","modified_gmt":"2015-06-13T07:06:01","slug":"por-que-no-hay-una-campana-millonaria-de-todos-contra-el-hambre","status":"publish","type":"post","link":"https:\/\/wp.mundodiverso.com\/wp\/2014\/11\/22\/por-que-no-hay-una-campana-millonaria-de-todos-contra-el-hambre\/","title":{"rendered":"\u00bfPor qu\u00e9 no hay una campa\u00f1a millonaria de TODOS contra el hambre?"},"content":{"rendered":"<p><a href=\"https:\/\/wp.mundodiverso.com\/wp-content\/uploads\/2014\/11\/hambre.jpg\"><img loading=\"lazy\" decoding=\"async\" src=\"https:\/\/wp.mundodiverso.com\/wp-content\/uploads\/2014\/11\/hambre.jpg\" alt=\"hambre\" width=\"640\" height=\"439\" class=\"aligncenter size-full wp-image-2008\" srcset=\"https:\/\/wp.mundodiverso.com\/wp-content\/uploads\/2014\/11\/hambre.jpg 640w, https:\/\/wp.mundodiverso.com\/wp-content\/uploads\/2014\/11\/hambre-300x206.jpg 300w, https:\/\/wp.mundodiverso.com\/wp-content\/uploads\/2014\/11\/hambre-130x90.jpg 130w\" sizes=\"auto, (max-width: 640px) 100vw, 640px\" \/><\/a><br \/>\nEl \u00c9bola se detect\u00f3 por primera vez en 1976 siendo una epidemia que caus\u00f3 una alta mortalidad en el antiguo Zaire ahora Rep\u00fablica Democr\u00e1tica del Congo, 38 a\u00f1os han pasado y no se hizo nada porque no afectaba a Occidente, c\u00f3mo las v\u00edctimas eran s\u00f3lo africanas no importaba, ahora unos pocos infectados en Espa\u00f1a y Estados Unidos para que hayan recaudaciones millonarias de dinero y TODOS nos unamos contra el \u00c9bola, perfecto, est\u00e1 bien.  El hambre es la mayor causa de muerte en el mundo \u00bfPor qu\u00e9 no hay una campa\u00f1a millonaria de TODOS contra el hambre? \u00bfQu\u00e9 se necesita para que el mundo reaccione contra el peor de sus males?<br \/>\n<script type=\"text\/javascript\">\n    google_ad_client = \"ca-pub-3994227042512697\";\n    google_ad_slot = \"9551224613\";\n    google_ad_width = 468;\n    google_ad_height = 60;\n<\/script><br \/>\n<!-- Banner wp --><br \/>\n<script type=\"text\/javascript\"\nsrc=\"\/\/pagead2.googlesyndication.com\/pagead\/show_ads.js\">\n<\/script><\/p>\n","protected":false},"excerpt":{"rendered":"<p>El \u00c9bola se detect\u00f3 por primera vez en 1976 siendo una epidemia que caus\u00f3 una alta mortalidad en el antiguo<\/p>\n","protected":false},"author":2,"featured_media":2008,"comment_status":"open","ping_status":"open","sticky":false,"template":"","format":"standard","meta":{"colormag_page_container_layout":"default_layout","colormag_page_sidebar_layout":"default_layout","footnotes":""},"categories":[45,30],"tags":[1333,1332,1325,1334,1329,1326,1330,1327,1328,1331],"class_list":["post-2007","post","type-post","status-publish","format-standard","has-post-thumbnail","hentry","category-catalejo","category-causas","tag-africa","tag-congo","tag-ebola","tag-ebola-virus","tag-el-peor-de-sus-males","tag-hambre","tag-mayor-causa-de-muerte","tag-todos-contra-el-ebola","tag-todos-contra-el-hambre","tag-zaire"],"_links":{"self":[{"href":"https:\/\/wp.mundodiverso.com\/wp\/wp-json\/wp\/v2\/posts\/2007","targetHints":{"allow":["GET"]}}],"collection":[{"href":"https:\/\/wp.mundodiverso.com\/wp\/wp-json\/wp\/v2\/posts"}],"about":[{"href":"https:\/\/wp.mundodiverso.com\/wp\/wp-json\/wp\/v2\/types\/post"}],"author":[{"embeddable":true,"href":"https:\/\/wp.mundodiverso.com\/wp\/wp-json\/wp\/v2\/users\/2"}],"replies":[{"embeddable":true,"href":"https:\/\/wp.mundodiverso.com\/wp\/wp-json\/wp\/v2\/comments?post=2007"}],"version-history":[{"count":6,"href":"https:\/\/wp.mundodiverso.com\/wp\/wp-json\/wp\/v2\/posts\/2007\/revisions"}],"predecessor-version":[{"id":2015,"href":"https:\/\/wp.mundodiverso.com\/wp\/wp-json\/wp\/v2\/posts\/2007\/revisions\/2015"}],"wp:featuredmedia":[{"embeddable":true,"href":"https:\/\/wp.mundodiverso.com\/wp\/wp-json\/wp\/v2\/media\/2008"}],"wp:attachment":[{"href":"https:\/\/wp.mundodiverso.com\/wp\/wp-json\/wp\/v2\/media?parent=2007"}],"wp:term":[{"taxonomy":"category","embeddable":true,"href":"https:\/\/wp.mundodiverso.com\/wp\/wp-json\/wp\/v2\/categories?post=2007"},{"taxonomy":"post_tag","embeddable":true,"href":"https:\/\/wp.mundodiverso.com\/wp\/wp-json\/wp\/v2\/tags?post=2007"}],"curies":[{"name":"wp","href":"https:\/\/api.w.org\/{rel}","templated":true}]}}