{"id":1896,"date":"2014-06-25T18:14:21","date_gmt":"2014-06-26T00:14:21","guid":{"rendered":"http:\/\/wp.mundodiverso.com\/wp\/?p=1896"},"modified":"2014-06-25T18:14:21","modified_gmt":"2014-06-26T00:14:21","slug":"mi-mama-maestra","status":"publish","type":"post","link":"https:\/\/wp.mundodiverso.com\/wp\/2014\/06\/25\/mi-mama-maestra\/","title":{"rendered":"Mi Mam\u00e1 Maestra"},"content":{"rendered":"<p><a href=\"https:\/\/wp.mundodiverso.com\/wp-content\/uploads\/2014\/06\/mimamamaestra2.png\"><img loading=\"lazy\" decoding=\"async\" src=\"https:\/\/wp.mundodiverso.com\/wp-content\/uploads\/2014\/06\/mimamamaestra2.png\" alt=\"Mi mam\u00e1 maestra\" width=\"640\" height=\"512\" class=\"aligncenter size-full wp-image-1897\" srcset=\"https:\/\/wp.mundodiverso.com\/wp-content\/uploads\/2014\/06\/mimamamaestra2.png 640w, https:\/\/wp.mundodiverso.com\/wp-content\/uploads\/2014\/06\/mimamamaestra2-300x240.png 300w\" sizes=\"auto, (max-width: 640px) 100vw, 640px\" \/><\/a><br \/>\nCada 25 de junio y siempre, pienso mucho en mi mam\u00e1, en mi mam\u00e1 maestra.  Si algo me llena de orgullo es tener una mam\u00e1 maestra,  aparte de todo el amor que me ha brindado, siento que mi vida, nuestra vida, no hubiera sido igual sin mi mam\u00e1 maestra.  Todas las profesiones tienen m\u00e9rito y muchas mujeres alcanzan el \u00e9xito desarroll\u00e1ndose en su \u00e1rea, pero en un pa\u00eds tercermundista como el nuestro, el magisterio es una profesi\u00f3n loable, admirable, sobre todo cuando se es maestro de coraz\u00f3n y de vocaci\u00f3n como siempre vi a mi mam\u00e1, todos los d\u00edas de su vida, desde que yo tuve uso de raz\u00f3n hasta el 2003, siempre entreg\u00e1ndose en cuerpo y alma a ense\u00f1ar, ella naci\u00f3 para ense\u00f1ar y por eso aunque se haya graduado de profesional y tenga tres t\u00edtulos universitarios, para m\u00ed, mi mam\u00e1 no es la Licenciada en Historia, no, siempre ha sido, siempre fue y siempre ser\u00e1, mi mam\u00e1 maestra.<br \/>\n<a href=\"https:\/\/wp.mundodiverso.com\/wp-content\/uploads\/2014\/06\/maestra1.jpg\"><img loading=\"lazy\" decoding=\"async\" src=\"https:\/\/wp.mundodiverso.com\/wp-content\/uploads\/2014\/06\/maestra1-300x193.jpg\" alt=\"Mi Mam\u00e1 Maestra\" width=\"300\" height=\"193\" class=\"alignright size-medium wp-image-1901\" \/><\/a><br \/>\nNo s\u00e9 si uno ya trae la afici\u00f3n por la lectura o la adquiere por su entorno, pero no olvido que desde mi edad m\u00e1s temprana en mi casa siempre hubo libros, los libros de cuentos me fascinaban y los premios que mi mam\u00e1 me daba por ganar los grados eran libros de cuentos, supongo porque era mi mam\u00e1 maestra, adem\u00e1s siempre andaba comprando libros y enciclopedias, como nos deleitamos con mis hermanos, leyendo la Enciclopedia de Oro y la Lo S\u00e9 Todo, y gracias \u00bfA qui\u00e9n? Indudablemente a mi mam\u00e1 maestra, \u00bfPor qu\u00e9 le\u00ed yo a los 10 a\u00f1os, La Il\u00edada, La Odisea, La Guerra y La Paz y La Caba\u00f1a del T\u00edo Tom? Por mi mam\u00e1 maestra, que tuvo a bien comprar los compendios juveniles de la Editorial Atl\u00e1ntida.  Mucho de lo que uno es, de lo que uno sabe, se lo debe a los libros y los libros son parte de mi vida por mi mam\u00e1 maestra.  Mi mam\u00e1 no solo le brind\u00f3 el pan del saber a tantas generaciones, sino se lo brindo a sus hijos, yo no ser\u00eda ni la mitad de lo que soy sin mi mam\u00e1 maestra.<br \/>\n<a href=\"https:\/\/wp.mundodiverso.com\/wp-content\/uploads\/2014\/06\/maestra2.jpg\"><img loading=\"lazy\" decoding=\"async\" src=\"https:\/\/wp.mundodiverso.com\/wp-content\/uploads\/2014\/06\/maestra2-300x196.jpg\" alt=\"Mi mam\u00e1 maestra\" width=\"300\" height=\"196\" class=\"alignright size-medium wp-image-1899\" \/><\/a><br \/>\nEl magisterio la llevo por tantos caminos y no logro imaginar, ni cuantificar cu\u00e1ntos ni\u00f1os y j\u00f3venes pudieron ser sus alumnos, pero fueron muchos, en su recorrido extenso en el \u00e1rea urbana y en el \u00e1rea rural, en primaria, en secundaria y en la Universidad.  Que orgullo que su trayectoria la haya llevado a todos los niveles de la educaci\u00f3n en Guatemala y solo hay una raz\u00f3n, porque mi mam\u00e1 es maestra, una verdadera maestra, una se\u00f1ora maestra.  Y aunque el magisterio sea tan mal remunerado y sacrificado y tan poco reconocido, mi mam\u00e1 fue una de las que de veras dignific\u00f3 esa noble profesi\u00f3n, recorri\u00f3 los caminos polvorientos de la patria para llevar el conocimiento a los menos favorecidos y tambi\u00e9n lo hizo para los totalmente favorecidos y en ambos casos,  lo hizo con gran dedicaci\u00f3n, con entrega, con esmero y se lo reconocen sus alumnos de todos los estratos sociales, que es el reconocimiento que m\u00e1s vale, he visto tantas veces,  a tantos ex alumnos saludarla y abrazarla con gran entusiasmo y emoci\u00f3n, quiz\u00e1 ese sea el mejor pago que ha recibido por su gran labor.  <\/p>\n<p>El recorrido de mi mam\u00e1 maestra, fue muy amplio, pero conoci\u00f3 el \u00e1rea rural, trabajando en Socio Educativo Rural, dando Educaci\u00f3n para el Hogar a las se\u00f1oras ind\u00edgenas, en la escuelita de Santa In\u00e9s Pinula, fue Maestra de grado, primero y segundo y adem\u00e1s directora, ella era todo el personal docente, en la Justo Rufino Barrios, fue maestra y luego directora con grado, me recuerdo que introdujo el tel\u00e9fono en la escuela.  En su segunda \u00e9poca en Guate, fue maestra de la R\u00f3mulo Gallegos, hablaba tanto de sus alumnos, que me recuerdo que su mejor alumna se llamaba Mayar\u00ed Roulet Pellecer y cuando yo estuve en sexto, que ella tambi\u00e9n estaba dando sexto, se llamaba Edna.  Cuando dio clases en la Francia, recuerdo sus famosos alumnos que tuvo de primero a Sexto, Feliz Ajiatax, Samuel Portillo y Evelyn, como llor\u00f3 aqu\u00ed en la casa despu\u00e9s de la clausura de sexto de estos ni\u00f1os y luego cuando dio clases en secundaria en el Valle Verde, que por siempre ser\u00e1 recordado como \u201cEl Colegio\u201d, ah\u00ed d\u00f3nde pas\u00f3 10 a\u00f1os muy felices, tal vez los m\u00e1s felices.  Y luego la Universidad del Valle, donde culmin\u00f3 su trayectoria, esa trayectoria por la cual el magisterio fue parte medular de su vida y de nuestra vida, y por eso para m\u00ed, ella es mi mam\u00e1 maestra.<br \/>\n<a href=\"https:\/\/wp.mundodiverso.com\/wp-content\/uploads\/2014\/06\/maestra3.jpg\"><img loading=\"lazy\" decoding=\"async\" src=\"https:\/\/wp.mundodiverso.com\/wp-content\/uploads\/2014\/06\/maestra3-300x218.jpg\" alt=\"Mi Mam\u00e1 Maestra\" width=\"300\" height=\"218\" class=\"alignleft size-medium wp-image-1898\" srcset=\"https:\/\/wp.mundodiverso.com\/wp-content\/uploads\/2014\/06\/maestra3-300x218.jpg 300w, https:\/\/wp.mundodiverso.com\/wp-content\/uploads\/2014\/06\/maestra3.jpg 410w\" sizes=\"auto, (max-width: 300px) 100vw, 300px\" \/><\/a><br \/>\nAquel poema al maestro dice: \u201cSer maestro es llevar en las manos, una antorcha de luz encendida\u201d y esa es la que vos siempre has llevado mamita, con la que nos iluminaste a tantos, por eso en mi coraz\u00f3n llevo grabado tu recuerdo de maestra de primaria, por eso si alguien me pregunta \u00bfQu\u00e9 es tu mam\u00e1? Digo con mucho orgullo, es MAESTRA. Ahora que miro tus manos con algunos dedos deformados por la artritis, se me viene a la mente tu compa\u00f1ero inseparable, el yeso, como recuerdo tus manitas empolvadas con el yeso, porque te encantaba escribir en el pizarr\u00f3n al dar tus clases, como eran de bonitas tus clases, todav\u00eda te recuerdo  dando clases en la Justo Rufino Barrios, en el Cant\u00f3n Barrios de Olintepeque, como que hubiera sido ayer.  Por eso, ser\u00e1s siempre para mi vida, mi \u00fanica, mi inigualable, mi gran mam\u00e1 MAESTRA.<\/p>\n","protected":false},"excerpt":{"rendered":"<p>Cada 25 de junio y siempre, pienso mucho en mi mam\u00e1, en mi mam\u00e1 maestra. Si algo me llena de<\/p>\n","protected":false},"author":2,"featured_media":0,"comment_status":"open","ping_status":"open","sticky":false,"template":"","format":"standard","meta":{"colormag_page_container_layout":"default_layout","colormag_page_sidebar_layout":"default_layout","footnotes":""},"categories":[45,13],"tags":[1245,1252,1251,1259,1254,1255,1262,1246,1258,1261,1253,1264,1247,1260,1257,1248,1249,1250,1256,1263],"class_list":["post-1896","post","type-post","status-publish","format-standard","hentry","category-catalejo","category-guatemala","tag-25-de-junio","tag-area-rural","tag-area-urbana","tag-canton-barrios","tag-catedratica-de-secundaria","tag-catedratica-universitaria","tag-colegio-valle-verde","tag-dia-del-maestro","tag-escuela-justo-rufino-barrios","tag-escuela-republica-de-francia","tag-maestra-de-primaria","tag-magisterio","tag-mi-mama-maestra","tag-olintepeque","tag-santa-ines-pinula","tag-seno-cony","tag-silvia-consuelo-garcia-najera","tag-silvia-de-pinilos","tag-socio-educativo-rural","tag-universidad-del-valle"],"_links":{"self":[{"href":"https:\/\/wp.mundodiverso.com\/wp\/wp-json\/wp\/v2\/posts\/1896","targetHints":{"allow":["GET"]}}],"collection":[{"href":"https:\/\/wp.mundodiverso.com\/wp\/wp-json\/wp\/v2\/posts"}],"about":[{"href":"https:\/\/wp.mundodiverso.com\/wp\/wp-json\/wp\/v2\/types\/post"}],"author":[{"embeddable":true,"href":"https:\/\/wp.mundodiverso.com\/wp\/wp-json\/wp\/v2\/users\/2"}],"replies":[{"embeddable":true,"href":"https:\/\/wp.mundodiverso.com\/wp\/wp-json\/wp\/v2\/comments?post=1896"}],"version-history":[{"count":3,"href":"https:\/\/wp.mundodiverso.com\/wp\/wp-json\/wp\/v2\/posts\/1896\/revisions"}],"predecessor-version":[{"id":1903,"href":"https:\/\/wp.mundodiverso.com\/wp\/wp-json\/wp\/v2\/posts\/1896\/revisions\/1903"}],"wp:attachment":[{"href":"https:\/\/wp.mundodiverso.com\/wp\/wp-json\/wp\/v2\/media?parent=1896"}],"wp:term":[{"taxonomy":"category","embeddable":true,"href":"https:\/\/wp.mundodiverso.com\/wp\/wp-json\/wp\/v2\/categories?post=1896"},{"taxonomy":"post_tag","embeddable":true,"href":"https:\/\/wp.mundodiverso.com\/wp\/wp-json\/wp\/v2\/tags?post=1896"}],"curies":[{"name":"wp","href":"https:\/\/api.w.org\/{rel}","templated":true}]}}