{"id":1860,"date":"2014-05-26T17:19:03","date_gmt":"2014-05-26T23:19:03","guid":{"rendered":"http:\/\/wp.mundodiverso.com\/wp\/?p=1860"},"modified":"2014-05-26T17:19:03","modified_gmt":"2014-05-26T23:19:03","slug":"i-see-the-light-primer-sencillo-y-video-de-the-mother-funkers","status":"publish","type":"post","link":"https:\/\/wp.mundodiverso.com\/wp\/2014\/05\/26\/i-see-the-light-primer-sencillo-y-video-de-the-mother-funkers\/","title":{"rendered":"I see the light, primer sencillo y v\u00eddeo de The Mother Funkers"},"content":{"rendered":"<p><a href=\"https:\/\/wp.mundodiverso.com\/wp-content\/uploads\/2014\/05\/themodernsfunkers.jpg\"><img loading=\"lazy\" decoding=\"async\" src=\"https:\/\/wp.mundodiverso.com\/wp-content\/uploads\/2014\/05\/themodernsfunkers.jpg\" alt=\"I see the light - The Mother Funkers\" width=\"640\" height=\"338\" class=\"aligncenter size-full wp-image-1861\" srcset=\"https:\/\/wp.mundodiverso.com\/wp-content\/uploads\/2014\/05\/themodernsfunkers.jpg 640w, https:\/\/wp.mundodiverso.com\/wp-content\/uploads\/2014\/05\/themodernsfunkers-300x158.jpg 300w, https:\/\/wp.mundodiverso.com\/wp-content\/uploads\/2014\/05\/themodernsfunkers-390x205.jpg 390w\" sizes=\"auto, (max-width: 640px) 100vw, 640px\" \/><\/a><br \/>\nEl grupo guatemalteco The Mother Funkers que est\u00e1 compuesto por integrantes de anteriores bandas chapinas han lanzado su primer sencillo titulado \u00abI see the light\u00bb y junto con \u00e9ste el videoclip oficial. Aqu\u00ed te lo presentamos y si quieres conocer m\u00e1s de esta nueva propuesta musical guatemalteca, pod\u00e9s seguirlos en <a href=\"https:\/\/www.facebook.com\/motherfunkersgt\" target=\"_blank\">Facebook<\/a> y <a href=\"https:\/\/twitter.com\/motherfunkersgt\" target=\"_blank\">Twitter<\/a>.<br \/>\n<script type=\"text\/javascript\"><!--\ngoogle_ad_client = \"ca-pub-3994227042512697\";\n\/* Banner wp *\/\ngoogle_ad_slot = \"9551224613\";\ngoogle_ad_width = 468;\ngoogle_ad_height = 60;\n\/\/-->\n<\/script><br \/>\n<script type=\"text\/javascript\"\nsrc=\"\/\/pagead2.googlesyndication.com\/pagead\/show_ads.js\">\n<\/script><\/p>\n<p><iframe loading=\"lazy\" width=\"800\" height=\"450\" src=\"https:\/\/www.youtube.com\/embed\/Q-qujvSUuJk?feature=oembed\" frameborder=\"0\" allowfullscreen><\/iframe><\/p>\n","protected":false},"excerpt":{"rendered":"<p>El grupo guatemalteco The Mother Funkers que est\u00e1 compuesto por integrantes de anteriores bandas chapinas han lanzado su primer sencillo<\/p>\n","protected":false},"author":1,"featured_media":0,"comment_status":"open","ping_status":"open","sticky":false,"template":"","format":"standard","meta":{"colormag_page_container_layout":"default_layout","colormag_page_sidebar_layout":"default_layout","footnotes":""},"categories":[243,3],"tags":[857,1208,161,61,1209,51,1207,33,166],"class_list":["post-1860","post","type-post","status-publish","format-standard","hentry","category-musica-guatemalteca-2","category-sugerencia-musical","tag-banda-guatemalteca","tag-i-see-the-light","tag-musica-guatemalteca","tag-primer-sencillo","tag-propuesta-musical-guatemalteca","tag-sugerencia-musical-2","tag-the-mother-funkers","tag-video-oficial","tag-videoclip-oficial"],"_links":{"self":[{"href":"https:\/\/wp.mundodiverso.com\/wp\/wp-json\/wp\/v2\/posts\/1860","targetHints":{"allow":["GET"]}}],"collection":[{"href":"https:\/\/wp.mundodiverso.com\/wp\/wp-json\/wp\/v2\/posts"}],"about":[{"href":"https:\/\/wp.mundodiverso.com\/wp\/wp-json\/wp\/v2\/types\/post"}],"author":[{"embeddable":true,"href":"https:\/\/wp.mundodiverso.com\/wp\/wp-json\/wp\/v2\/users\/1"}],"replies":[{"embeddable":true,"href":"https:\/\/wp.mundodiverso.com\/wp\/wp-json\/wp\/v2\/comments?post=1860"}],"version-history":[{"count":3,"href":"https:\/\/wp.mundodiverso.com\/wp\/wp-json\/wp\/v2\/posts\/1860\/revisions"}],"predecessor-version":[{"id":1864,"href":"https:\/\/wp.mundodiverso.com\/wp\/wp-json\/wp\/v2\/posts\/1860\/revisions\/1864"}],"wp:attachment":[{"href":"https:\/\/wp.mundodiverso.com\/wp\/wp-json\/wp\/v2\/media?parent=1860"}],"wp:term":[{"taxonomy":"category","embeddable":true,"href":"https:\/\/wp.mundodiverso.com\/wp\/wp-json\/wp\/v2\/categories?post=1860"},{"taxonomy":"post_tag","embeddable":true,"href":"https:\/\/wp.mundodiverso.com\/wp\/wp-json\/wp\/v2\/tags?post=1860"}],"curies":[{"name":"wp","href":"https:\/\/api.w.org\/{rel}","templated":true}]}}