{"id":1843,"date":"2014-05-22T02:17:46","date_gmt":"2014-05-22T08:17:46","guid":{"rendered":"http:\/\/wp.mundodiverso.com\/wp\/?p=1843"},"modified":"2015-06-13T01:19:42","modified_gmt":"2015-06-13T07:19:42","slug":"el-primer-golpe","status":"publish","type":"post","link":"https:\/\/wp.mundodiverso.com\/wp\/2014\/05\/22\/el-primer-golpe\/","title":{"rendered":"El primer golpe"},"content":{"rendered":"<p><a href=\"https:\/\/wp.mundodiverso.com\/wp-content\/uploads\/2014\/05\/mujer-golpeada-e1400746127184.jpg\"><img loading=\"lazy\" decoding=\"async\" src=\"https:\/\/wp.mundodiverso.com\/wp-content\/uploads\/2014\/05\/mujer-golpeada-e1400746127184.jpg\" alt=\"El primer golpe - Mujer golpeada\" width=\"640\" height=\"504\" class=\"aligncenter size-full wp-image-1844\" srcset=\"https:\/\/wp.mundodiverso.com\/wp-content\/uploads\/2014\/05\/mujer-golpeada-e1400746127184.jpg 640w, https:\/\/wp.mundodiverso.com\/wp-content\/uploads\/2014\/05\/mujer-golpeada-e1400746127184-300x236.jpg 300w\" sizes=\"auto, (max-width: 640px) 100vw, 640px\" \/><\/a><br \/>\nOjos color tristeza, mirada anclada en el maltrato, M\u00f3nica Casco tiene veinticinco a\u00f1os y ya tuvo que decidir entre su vida y la del victimario, ya di\u00f3 dos vidas y quit\u00f3 una. Sus manos est\u00e1n manchadas de sangre, ya se enfrent\u00f3 al machismo asesino del sistema, a la misoginia encarnada en la furia de un esposo maltratador. M\u00f3nica estuvo presa por defenderse del padre de sus hijos quien durante casi cinco a\u00f1os la violent\u00f3 tanto que ya ten\u00eda un caso avanzado en el juzgado de Femicidio. La \u00faltima vez que \u00e9l intent\u00f3 hacerle da\u00f1o, borracho como siempre, todo termin\u00f3 diferente. \u201cMe dijo: aqu\u00ed nos vamos a morir todos. Ca\u00ed encima de mi beb\u00e9, lo estaba aplastando. Agarro el cuchillo, yo gritaba para que los vecinos oyeran, me quer\u00eda cortar las manos, pero el cuchillo no serv\u00eda para cortar, se acerc\u00f3 al beb\u00e9 y le grit\u00f3 que se callara y cuando lo quer\u00eda agarrar yo sin pensar me fui sobre \u00e9l.\u201d M\u00f3nica estuvo en medio de un proceso judicial por m\u00e1s de un a\u00f1o. Un tribunal la conden\u00f3 a cuatro a\u00f1os de prisi\u00f3n por homicidio en estado de emoci\u00f3n violenta. La familia del difunto apel\u00f3 la condena y exigen un pago por reparaci\u00f3n digna. En medio de tanta tragedia, una luz se abri\u00f3 para M\u00f3nica, el caso se dio a conocer en las redes sociales, y un grupo de mujeres solidarias organizaron una colecta de dinero para apoyarla a pagar la fianza, los gastos de abogados y lo m\u00e1s importante; para que pueda cuidar de sus hijos y recuperar poco a poco la dignidad, la alegr\u00eda y la fe en la vida. Cuando le preguntaron a M\u00f3nica qu\u00e9 har\u00eda si pudiera retroceder el tiempo, su respuesta fue: \u201cNo permitirle el primer golpe\u201d. Es un consejo digno de tomar en cuenta.<br \/>\nFuente: <a href=\"http:\/\/lasotrasluchas.blogspot.com\/\" target=\"_blank\">Las Otras Luchas<\/a><br \/>\nAutor: <a href=\"https:\/\/twitter.com\/liberalucha\" target=\"_blank\">Luc\u00eda Escobar<\/a><\/p>\n","protected":false},"excerpt":{"rendered":"<p>Ojos color tristeza, mirada anclada en el maltrato, M\u00f3nica Casco tiene veinticinco a\u00f1os y ya tuvo que decidir entre su<\/p>\n","protected":false},"author":1,"featured_media":1844,"comment_status":"open","ping_status":"open","sticky":false,"template":"","format":"standard","meta":{"colormag_page_container_layout":"default_layout","colormag_page_sidebar_layout":"default_layout","footnotes":""},"categories":[13,449],"tags":[1178,1171,1181,1177,2866,1180,452,1173,1179,1176,1174,1175,1172],"class_list":["post-1843","post","type-post","status-publish","format-standard","has-post-thumbnail","hentry","category-guatemala","category-las-otras-luchas","tag-denis-sierra-orozco","tag-el-primer-golpe-mujer-golpeada","tag-emocion-violenta","tag-en-defensa-propia","tag-guatemala","tag-homicidio","tag-lucia-escobar","tag-machismo","tag-maltrato-fisico","tag-mato-a-su-esposo","tag-monica-casco","tag-monica-gabriela-casco-chacon","tag-mujer-maltratada"],"_links":{"self":[{"href":"https:\/\/wp.mundodiverso.com\/wp\/wp-json\/wp\/v2\/posts\/1843","targetHints":{"allow":["GET"]}}],"collection":[{"href":"https:\/\/wp.mundodiverso.com\/wp\/wp-json\/wp\/v2\/posts"}],"about":[{"href":"https:\/\/wp.mundodiverso.com\/wp\/wp-json\/wp\/v2\/types\/post"}],"author":[{"embeddable":true,"href":"https:\/\/wp.mundodiverso.com\/wp\/wp-json\/wp\/v2\/users\/1"}],"replies":[{"embeddable":true,"href":"https:\/\/wp.mundodiverso.com\/wp\/wp-json\/wp\/v2\/comments?post=1843"}],"version-history":[{"count":1,"href":"https:\/\/wp.mundodiverso.com\/wp\/wp-json\/wp\/v2\/posts\/1843\/revisions"}],"predecessor-version":[{"id":1845,"href":"https:\/\/wp.mundodiverso.com\/wp\/wp-json\/wp\/v2\/posts\/1843\/revisions\/1845"}],"wp:featuredmedia":[{"embeddable":true,"href":"https:\/\/wp.mundodiverso.com\/wp\/wp-json\/wp\/v2\/media\/1844"}],"wp:attachment":[{"href":"https:\/\/wp.mundodiverso.com\/wp\/wp-json\/wp\/v2\/media?parent=1843"}],"wp:term":[{"taxonomy":"category","embeddable":true,"href":"https:\/\/wp.mundodiverso.com\/wp\/wp-json\/wp\/v2\/categories?post=1843"},{"taxonomy":"post_tag","embeddable":true,"href":"https:\/\/wp.mundodiverso.com\/wp\/wp-json\/wp\/v2\/tags?post=1843"}],"curies":[{"name":"wp","href":"https:\/\/api.w.org\/{rel}","templated":true}]}}