{"id":1830,"date":"2014-05-14T22:47:38","date_gmt":"2014-05-15T04:47:38","guid":{"rendered":"http:\/\/wp.mundodiverso.com\/wp\/?p=1830"},"modified":"2015-06-13T01:20:59","modified_gmt":"2015-06-13T07:20:59","slug":"en-un-mundo-paralelo","status":"publish","type":"post","link":"https:\/\/wp.mundodiverso.com\/wp\/2014\/05\/14\/en-un-mundo-paralelo\/","title":{"rendered":"En un mundo paralelo"},"content":{"rendered":"<p><a href=\"https:\/\/wp.mundodiverso.com\/wp-content\/uploads\/2014\/05\/mundoparalelo.jpg\"><img loading=\"lazy\" decoding=\"async\" src=\"https:\/\/wp.mundodiverso.com\/wp-content\/uploads\/2014\/05\/mundoparalelo.jpg\" alt=\"En un mundo paralelo\" width=\"640\" height=\"321\" class=\"aligncenter size-full wp-image-1802\" \/><\/a><br \/>\nCampesinos, viudas, hu\u00e9rfanos e inconformes llegaron el domingo a la capital caminando desde los cuatro puntos cardinales del pa\u00eds. Tra\u00edan carteles que dec\u00edan #SiHuboGenocidio. Maestros, estudiantes, transportistas, empresarios, colectivos de la diversidad sexual, religiosos y sindicalistas los recibieron con flores y agua fresca en una inusitada muestra de solidaridad. La diversidad de colores usados y de posturas expresadas no pele\u00f3 con el objetivo principal de la marcha; defender la vida. Se presume que el primer aniversario de la condena por genocidio y cr\u00edmenes de la lesa humanidad contra Efra\u00edn R\u00edos Montt fue la gota que derram\u00f3 el vaso de la indiferencia y logr\u00f3 el milagro del nacimiento de la conciencia y el sentido com\u00fan de los guatemaltecos. Nadie qued\u00f3 excluido, todos cab\u00edan en esa Guatemala; rojos y cremas de la mano, pobres y ricos, guerrilleros y militares marcharon apoyando la gesti\u00f3n hist\u00f3rica de Claudia Paz y Paz y de la jueza Yasm\u00edn Barrios. Exigieron entre otras cosas la protecci\u00f3n y atenci\u00f3n m\u00e9dica de las miles de ni\u00f1as que cada a\u00f1o se convierten en madres; el juicio y castigo de los violadores y la aplicaci\u00f3n de mano dura para los responsables de la trata con fines de prostituci\u00f3n y\/o esclavitud dom\u00e9stica; adem\u00e1s del reconocimiento de los derechos sexuales y reproductivos de todas las mujeres. En la marcha se exigi\u00f3 el cese a la persecuci\u00f3n penal de los defensores de los derechos humanos y colectivos y se reivindic\u00f3 la importancia del estado laico como base de una democracia sana. Todo termin\u00f3 con una fiesta electr\u00f3nica gratuita en el parque central. No se reportaron heridos, mucho menos enojados.<br \/>\nFuente: <a href=\"http:\/\/lasotrasluchas.blogspot.com\/\">Las Otras Luchas<\/a><br \/>\nAutor: <a href=\"https:\/\/twitter.com\/liberalucha\">Luc\u00eda Escobar<\/a><\/p>\n","protected":false},"excerpt":{"rendered":"<p>Campesinos, viudas, hu\u00e9rfanos e inconformes llegaron el domingo a la capital caminando desde los cuatro puntos cardinales del pa\u00eds. Tra\u00edan<\/p>\n","protected":false},"author":1,"featured_media":1832,"comment_status":"open","ping_status":"open","sticky":false,"template":"","format":"standard","meta":{"colormag_page_container_layout":"default_layout","colormag_page_sidebar_layout":"default_layout","footnotes":""},"categories":[13,449],"tags":[1148,1149,1146,466,2866,1150,452,1151,797,1147],"class_list":["post-1830","post","type-post","status-publish","format-standard","has-post-thumbnail","hentry","category-guatemala","category-las-otras-luchas","tag-buscando-objetivo-comun","tag-construyendo-un-futuro","tag-en-un-mundo-paralelo","tag-genocidio","tag-guatemala","tag-juicio","tag-lucia-escobar","tag-marcha","tag-rios-montt","tag-todos-unidos"],"_links":{"self":[{"href":"https:\/\/wp.mundodiverso.com\/wp\/wp-json\/wp\/v2\/posts\/1830","targetHints":{"allow":["GET"]}}],"collection":[{"href":"https:\/\/wp.mundodiverso.com\/wp\/wp-json\/wp\/v2\/posts"}],"about":[{"href":"https:\/\/wp.mundodiverso.com\/wp\/wp-json\/wp\/v2\/types\/post"}],"author":[{"embeddable":true,"href":"https:\/\/wp.mundodiverso.com\/wp\/wp-json\/wp\/v2\/users\/1"}],"replies":[{"embeddable":true,"href":"https:\/\/wp.mundodiverso.com\/wp\/wp-json\/wp\/v2\/comments?post=1830"}],"version-history":[{"count":3,"href":"https:\/\/wp.mundodiverso.com\/wp\/wp-json\/wp\/v2\/posts\/1830\/revisions"}],"predecessor-version":[{"id":1834,"href":"https:\/\/wp.mundodiverso.com\/wp\/wp-json\/wp\/v2\/posts\/1830\/revisions\/1834"}],"wp:featuredmedia":[{"embeddable":true,"href":"https:\/\/wp.mundodiverso.com\/wp\/wp-json\/wp\/v2\/media\/1832"}],"wp:attachment":[{"href":"https:\/\/wp.mundodiverso.com\/wp\/wp-json\/wp\/v2\/media?parent=1830"}],"wp:term":[{"taxonomy":"category","embeddable":true,"href":"https:\/\/wp.mundodiverso.com\/wp\/wp-json\/wp\/v2\/categories?post=1830"},{"taxonomy":"post_tag","embeddable":true,"href":"https:\/\/wp.mundodiverso.com\/wp\/wp-json\/wp\/v2\/tags?post=1830"}],"curies":[{"name":"wp","href":"https:\/\/api.w.org\/{rel}","templated":true}]}}