{"id":1546,"date":"2013-09-07T21:42:29","date_gmt":"2013-09-08T03:42:29","guid":{"rendered":"http:\/\/wp.mundodiverso.com\/wp\/?p=1546"},"modified":"2013-09-07T21:42:29","modified_gmt":"2013-09-08T03:42:29","slug":"colores-tristes","status":"publish","type":"post","link":"https:\/\/wp.mundodiverso.com\/wp\/2013\/09\/07\/colores-tristes\/","title":{"rendered":"Colores tristes"},"content":{"rendered":"<p><figure id=\"attachment_1547\" aria-describedby=\"caption-attachment-1547\" style=\"width: 350px\" class=\"wp-caption alignright\"><a href=\"https:\/\/wp.mundodiverso.com\/wp-content\/uploads\/2013\/09\/suicidioinfantil.jpg\"><img loading=\"lazy\" decoding=\"async\" src=\"https:\/\/wp.mundodiverso.com\/wp-content\/uploads\/2013\/09\/suicidioinfantil.jpg\" alt=\"Suicidio Infantil\" width=\"350\" height=\"550\" class=\"size-full wp-image-1547\" srcset=\"https:\/\/wp.mundodiverso.com\/wp-content\/uploads\/2013\/09\/suicidioinfantil.jpg 350w, https:\/\/wp.mundodiverso.com\/wp-content\/uploads\/2013\/09\/suicidioinfantil-191x300.jpg 191w\" sizes=\"auto, (max-width: 350px) 100vw, 350px\" \/><\/a><figcaption id=\"caption-attachment-1547\" class=\"wp-caption-text\">Suicidio Infantil<\/figcaption><\/figure><br \/>\nC\u00f3mo duele este pa\u00eds. Pesa, ahoga, encoge el coraz\u00f3n. Pienso en el suicidio de Mario Francisco \u00c1lvarez Baltazar, un ni\u00f1o afrodescendiente (les dec\u00edamos negros, antes de que la correcci\u00f3n pol\u00edtica maquillara todo). Imagino c\u00f3mo habr\u00e1n sido de infernales los d\u00edas de Mario en la escuela, sufriendo el acoso constante de sus compa\u00f1eros. Pienso en la indiferencia de sus maestros, de la misma directora que cerr\u00f3 los ojos ante la queja de Mar\u00eda Baltazar, de que molestaban a su hijo. Pienso en los padres de los compa\u00f1eros de clase de Mario Francisco, me pregunto si son conscientes de lo que el racismo puede herir a un ni\u00f1o. Me pregunto si esa gente es parte de ese gran porcentaje de creyentes en Dios. Me pregunto en qu\u00e9 tipo de Dios creen. Si es un Dios que discrimina, odia, hace de menos. Me pregunto si en serio creen que Dios es canche y de ojos azules. Y si tal raz\u00f3n es suficiente para pensar que un negro, un indio o un chino son menos que un blanco. A veces me da asco este pa\u00eds con sus banderitas en los carros y el falso patriotismo, la hipocres\u00eda, el pecho hinchado en los estadios nacionales cada vez que hay un partido y al mismo tiempo los miles de insultos racistas que caen sobre los jugadores no blancos. Me duele. Y no parece que los guatemaltecos tengamos el sue\u00f1o com\u00fan de que un d\u00eda todos valgamos lo mismo, sin importar nuestro color. Es terrible que un ni\u00f1o se quite la vida por el acoso de otros ni\u00f1os, y que nadie haya querido evitarlo. Hay que ser intolerante con el racismo hasta el punto de negarse a escuchar chistes racistas. El racismo es un delito que mata y entristece.<\/p>\n<p>Fuente: <a href=\"http:\/\/lasotrasluchas.blogspot.com\/2013\/09\/colores-tristes.html\">Las Otras Luchas<\/a><br \/>\nAutora: <a href=\"https:\/\/twitter.com\/liberalucha\">Luc\u00eda Escobar<\/a><\/p>\n","protected":false},"excerpt":{"rendered":"<p>C\u00f3mo duele este pa\u00eds. Pesa, ahoga, encoge el coraz\u00f3n. Pienso en el suicidio de Mario Francisco \u00c1lvarez Baltazar, un ni\u00f1o<\/p>\n","protected":false},"author":1,"featured_media":0,"comment_status":"open","ping_status":"open","sticky":false,"template":"","format":"standard","meta":{"colormag_page_container_layout":"default_layout","colormag_page_sidebar_layout":"default_layout","footnotes":""},"categories":[449],"tags":[967,966,961,965,2866,452,963,749,962],"class_list":["post-1546","post","type-post","status-publish","format-standard","hentry","category-las-otras-luchas","tag-acoso-escolar","tag-bullying","tag-colores-tristes","tag-discriminacion","tag-guatemala","tag-lucia-escobar","tag-mario-francisco-alvarez-baltazar","tag-racismo","tag-suicidio-infantil-guatemala"],"_links":{"self":[{"href":"https:\/\/wp.mundodiverso.com\/wp\/wp-json\/wp\/v2\/posts\/1546","targetHints":{"allow":["GET"]}}],"collection":[{"href":"https:\/\/wp.mundodiverso.com\/wp\/wp-json\/wp\/v2\/posts"}],"about":[{"href":"https:\/\/wp.mundodiverso.com\/wp\/wp-json\/wp\/v2\/types\/post"}],"author":[{"embeddable":true,"href":"https:\/\/wp.mundodiverso.com\/wp\/wp-json\/wp\/v2\/users\/1"}],"replies":[{"embeddable":true,"href":"https:\/\/wp.mundodiverso.com\/wp\/wp-json\/wp\/v2\/comments?post=1546"}],"version-history":[{"count":1,"href":"https:\/\/wp.mundodiverso.com\/wp\/wp-json\/wp\/v2\/posts\/1546\/revisions"}],"predecessor-version":[{"id":1548,"href":"https:\/\/wp.mundodiverso.com\/wp\/wp-json\/wp\/v2\/posts\/1546\/revisions\/1548"}],"wp:attachment":[{"href":"https:\/\/wp.mundodiverso.com\/wp\/wp-json\/wp\/v2\/media?parent=1546"}],"wp:term":[{"taxonomy":"category","embeddable":true,"href":"https:\/\/wp.mundodiverso.com\/wp\/wp-json\/wp\/v2\/categories?post=1546"},{"taxonomy":"post_tag","embeddable":true,"href":"https:\/\/wp.mundodiverso.com\/wp\/wp-json\/wp\/v2\/tags?post=1546"}],"curies":[{"name":"wp","href":"https:\/\/api.w.org\/{rel}","templated":true}]}}