{"id":1521,"date":"2013-08-13T12:55:15","date_gmt":"2013-08-13T18:55:15","guid":{"rendered":"http:\/\/wp.mundodiverso.com\/wp\/?p=1521"},"modified":"2013-08-14T19:04:32","modified_gmt":"2013-08-15T01:04:32","slug":"video-animado-de-juegos-y-miedos-de-gaby-moreno","status":"publish","type":"post","link":"https:\/\/wp.mundodiverso.com\/wp\/2013\/08\/13\/video-animado-de-juegos-y-miedos-de-gaby-moreno\/","title":{"rendered":"Video animado de Juegos y Miedos de Gaby Moreno"},"content":{"rendered":"<p><a href=\"https:\/\/wp.mundodiverso.com\/wp-content\/uploads\/2013\/08\/juegosymiedos.jpg\"><img loading=\"lazy\" decoding=\"async\" src=\"https:\/\/wp.mundodiverso.com\/wp-content\/uploads\/2013\/08\/juegosymiedos.jpg\" alt=\"Juegos y Miedos - Gaby Moreno\" width=\"500\" height=\"734\" class=\"aligncenter size-full wp-image-1522\" srcset=\"https:\/\/wp.mundodiverso.com\/wp-content\/uploads\/2013\/08\/juegosymiedos.jpg 500w, https:\/\/wp.mundodiverso.com\/wp-content\/uploads\/2013\/08\/juegosymiedos-204x300.jpg 204w\" sizes=\"auto, (max-width: 500px) 100vw, 500px\" \/><\/a><br \/>\n<a href=\"https:\/\/wp.mundodiverso.com\/wp\/2013\/03\/08\/nuevo-video-de-gaby-moreno-valle-de-magnolias\/#.UgqAINI99_4\">Gaby Moreno<\/a> est\u00e1 lanzando el video animado de su canci\u00f3n Juegos y Miedos, canci\u00f3n perteneciente a su disco <a href=\"https:\/\/wp.mundodiverso.com\/wp\/2012\/11\/18\/video-oficial-de-no-estoy-tan-mal-de-gaby-moreno\/#.UgqAS9I99_4\">Postales<\/a> lanzado en septiembre de 2012 con la disquera independiente Metamorf\u00f3sis propiedad de <a href=\"https:\/\/wp.mundodiverso.com\/wp\/2013\/01\/11\/video-de-si-tu-no-existieras-de-ricardo-arjona\/#.UgqAjdI99_4\">Ricardo Arjona<\/a>. Este video fue realizado en Guatemala.<br \/>\n<script type=\"text\/javascript\"><!--\ngoogle_ad_client = \"ca-pub-3994227042512697\";\n\/* Banner wp *\/\ngoogle_ad_slot = \"9551224613\";\ngoogle_ad_width = 468;\ngoogle_ad_height = 60;\n\/\/-->\n<\/script><br \/>\n<script type=\"text\/javascript\"\nsrc=\"http:\/\/pagead2.googlesyndication.com\/pagead\/show_ads.js\">\n<\/script><\/p>\n<p><iframe loading=\"lazy\" width=\"640\" height=\"360\" src=\"\/\/www.youtube.com\/embed\/aWdSTyvAp3g?rel=0\" frameborder=\"0\" allowfullscreen><\/iframe><\/p>\n","protected":false},"excerpt":{"rendered":"<p>Gaby Moreno est\u00e1 lanzando el video animado de su canci\u00f3n Juegos y Miedos, canci\u00f3n perteneciente a su disco Postales lanzado<\/p>\n","protected":false},"author":1,"featured_media":0,"comment_status":"open","ping_status":"open","sticky":false,"template":"","format":"standard","meta":{"colormag_page_container_layout":"default_layout","colormag_page_sidebar_layout":"default_layout","footnotes":""},"categories":[243,3],"tags":[27,935,490,489,43,934,33],"class_list":["post-1521","post","type-post","status-publish","format-standard","hentry","category-musica-guatemalteca-2","category-sugerencia-musical","tag-gaby-moreno","tag-juegos-y-miedos","tag-metamorfosis","tag-postales","tag-ricardo-arjona","tag-video-animado","tag-video-oficial"],"_links":{"self":[{"href":"https:\/\/wp.mundodiverso.com\/wp\/wp-json\/wp\/v2\/posts\/1521","targetHints":{"allow":["GET"]}}],"collection":[{"href":"https:\/\/wp.mundodiverso.com\/wp\/wp-json\/wp\/v2\/posts"}],"about":[{"href":"https:\/\/wp.mundodiverso.com\/wp\/wp-json\/wp\/v2\/types\/post"}],"author":[{"embeddable":true,"href":"https:\/\/wp.mundodiverso.com\/wp\/wp-json\/wp\/v2\/users\/1"}],"replies":[{"embeddable":true,"href":"https:\/\/wp.mundodiverso.com\/wp\/wp-json\/wp\/v2\/comments?post=1521"}],"version-history":[{"count":2,"href":"https:\/\/wp.mundodiverso.com\/wp\/wp-json\/wp\/v2\/posts\/1521\/revisions"}],"predecessor-version":[{"id":1524,"href":"https:\/\/wp.mundodiverso.com\/wp\/wp-json\/wp\/v2\/posts\/1521\/revisions\/1524"}],"wp:attachment":[{"href":"https:\/\/wp.mundodiverso.com\/wp\/wp-json\/wp\/v2\/media?parent=1521"}],"wp:term":[{"taxonomy":"category","embeddable":true,"href":"https:\/\/wp.mundodiverso.com\/wp\/wp-json\/wp\/v2\/categories?post=1521"},{"taxonomy":"post_tag","embeddable":true,"href":"https:\/\/wp.mundodiverso.com\/wp\/wp-json\/wp\/v2\/tags?post=1521"}],"curies":[{"name":"wp","href":"https:\/\/api.w.org\/{rel}","templated":true}]}}