{"id":1497,"date":"2013-07-21T23:28:26","date_gmt":"2013-07-22T05:28:26","guid":{"rendered":"http:\/\/wp.mundodiverso.com\/wp\/?p=1497"},"modified":"2013-07-21T23:28:26","modified_gmt":"2013-07-22T05:28:26","slug":"gangster-lanzo-el-videoclip-oficial-de-fuego","status":"publish","type":"post","link":"https:\/\/wp.mundodiverso.com\/wp\/2013\/07\/21\/gangster-lanzo-el-videoclip-oficial-de-fuego\/","title":{"rendered":"Gangster lanz\u00f3 el videoclip oficial de Fuego"},"content":{"rendered":"<p><a href=\"https:\/\/wp.mundodiverso.com\/wp-content\/uploads\/2013\/07\/gangster.jpg\"><img loading=\"lazy\" decoding=\"async\" src=\"https:\/\/wp.mundodiverso.com\/wp-content\/uploads\/2013\/07\/gangster.jpg\" alt=\"Fuego - Gangster\" width=\"640\" height=\"423\" class=\"aligncenter size-full wp-image-1498\" srcset=\"https:\/\/wp.mundodiverso.com\/wp-content\/uploads\/2013\/07\/gangster.jpg 640w, https:\/\/wp.mundodiverso.com\/wp-content\/uploads\/2013\/07\/gangster-300x198.jpg 300w\" sizes=\"auto, (max-width: 640px) 100vw, 640px\" \/><\/a><br \/>\nA principios de junio Gangster lanz\u00f3 el videoclip oficial de Fuego, el sencillo que est\u00e1n promocionando en este 2013 y el cual te presentamos. La direcci\u00f3n del video corri\u00f3 a cargo de Iv\u00e1n Castro qui\u00e9n ya los hab\u00eda dirigido en el videoclip su \u00e9xito <a href=\"https:\/\/wp.mundodiverso.com\/wp\/2012\/03\/22\/video-oficial-de-suave-de-gangster-con-los-rabanes\/#.Uey_iNIstpA\">Suave<\/a>.<br \/>\n<script type=\"text\/javascript\"><!--\ngoogle_ad_client = \"ca-pub-3994227042512697\";\n\/* Banner wp *\/\ngoogle_ad_slot = \"9551224613\";\ngoogle_ad_width = 468;\ngoogle_ad_height = 60;\n\/\/-->\n<\/script><br \/>\n<script type=\"text\/javascript\"\nsrc=\"http:\/\/pagead2.googlesyndication.com\/pagead\/show_ads.js\">\n<\/script><\/p>\n<p><iframe loading=\"lazy\" width=\"640\" height=\"360\" src=\"\/\/www.youtube.com\/embed\/465VU8B4d0g\" frameborder=\"0\" allowfullscreen><\/iframe><\/p>\n","protected":false},"excerpt":{"rendered":"<p>A principios de junio Gangster lanz\u00f3 el videoclip oficial de Fuego, el sencillo que est\u00e1n promocionando en este 2013 y<\/p>\n","protected":false},"author":1,"featured_media":0,"comment_status":"open","ping_status":"open","sticky":false,"template":"","format":"standard","meta":{"colormag_page_container_layout":"default_layout","colormag_page_sidebar_layout":"default_layout","footnotes":""},"categories":[243,3],"tags":[905,245,894,161,51,33,166],"class_list":["post-1497","post","type-post","status-publish","format-standard","hentry","category-musica-guatemalteca-2","category-sugerencia-musical","tag-fuego","tag-gangster","tag-ivan-castro","tag-musica-guatemalteca","tag-sugerencia-musical-2","tag-video-oficial","tag-videoclip-oficial"],"_links":{"self":[{"href":"https:\/\/wp.mundodiverso.com\/wp\/wp-json\/wp\/v2\/posts\/1497","targetHints":{"allow":["GET"]}}],"collection":[{"href":"https:\/\/wp.mundodiverso.com\/wp\/wp-json\/wp\/v2\/posts"}],"about":[{"href":"https:\/\/wp.mundodiverso.com\/wp\/wp-json\/wp\/v2\/types\/post"}],"author":[{"embeddable":true,"href":"https:\/\/wp.mundodiverso.com\/wp\/wp-json\/wp\/v2\/users\/1"}],"replies":[{"embeddable":true,"href":"https:\/\/wp.mundodiverso.com\/wp\/wp-json\/wp\/v2\/comments?post=1497"}],"version-history":[{"count":3,"href":"https:\/\/wp.mundodiverso.com\/wp\/wp-json\/wp\/v2\/posts\/1497\/revisions"}],"predecessor-version":[{"id":1501,"href":"https:\/\/wp.mundodiverso.com\/wp\/wp-json\/wp\/v2\/posts\/1497\/revisions\/1501"}],"wp:attachment":[{"href":"https:\/\/wp.mundodiverso.com\/wp\/wp-json\/wp\/v2\/media?parent=1497"}],"wp:term":[{"taxonomy":"category","embeddable":true,"href":"https:\/\/wp.mundodiverso.com\/wp\/wp-json\/wp\/v2\/categories?post=1497"},{"taxonomy":"post_tag","embeddable":true,"href":"https:\/\/wp.mundodiverso.com\/wp\/wp-json\/wp\/v2\/tags?post=1497"}],"curies":[{"name":"wp","href":"https:\/\/api.w.org\/{rel}","templated":true}]}}