{"id":1257,"date":"2013-03-08T19:50:12","date_gmt":"2013-03-09T01:50:12","guid":{"rendered":"http:\/\/wp.mundodiverso.com\/wp\/?p=1257"},"modified":"2013-03-08T19:50:12","modified_gmt":"2013-03-09T01:50:12","slug":"nuevo-video-de-gaby-moreno-valle-de-magnolias","status":"publish","type":"post","link":"https:\/\/wp.mundodiverso.com\/wp\/2013\/03\/08\/nuevo-video-de-gaby-moreno-valle-de-magnolias\/","title":{"rendered":"Nuevo video de Gaby Moreno, Valle de Magnolias"},"content":{"rendered":"<p><a href=\"https:\/\/wp.mundodiverso.com\/wp-content\/uploads\/2013\/03\/gabymoreno.jpg\"><img loading=\"lazy\" decoding=\"async\" src=\"https:\/\/wp.mundodiverso.com\/wp-content\/uploads\/2013\/03\/gabymoreno.jpg\" alt=\"\" title=\"Valle de Magnolias - Gaby Moreno\" width=\"640\" height=\"639\" class=\"aligncenter size-full wp-image-1258\" srcset=\"https:\/\/wp.mundodiverso.com\/wp-content\/uploads\/2013\/03\/gabymoreno.jpg 640w, https:\/\/wp.mundodiverso.com\/wp-content\/uploads\/2013\/03\/gabymoreno-150x150.jpg 150w, https:\/\/wp.mundodiverso.com\/wp-content\/uploads\/2013\/03\/gabymoreno-300x300.jpg 300w\" sizes=\"auto, (max-width: 640px) 100vw, 640px\" \/><\/a><br \/>\nEl d\u00eda de ayer <a href=\"https:\/\/wp.mundodiverso.com\/wp\/2012\/07\/12\/video-oficial-de-ave-que-emigra-nuevo-sencillo-de-gaby-moreno\/\">Gaby Moreno<\/a> lanz\u00f3 su nuevo video, este pertenece a la canci\u00f3n Valle de Magnolias un nuevo sencillo de su disco <a href=\"https:\/\/wp.mundodiverso.com\/wp\/2012\/11\/18\/video-oficial-de-no-estoy-tan-mal-de-gaby-moreno\/#.UTqUu9afKmA\">Postales<\/a> el cu\u00e1l ha tenido mucho \u00e9xito. El video fue hecho en Guatemala con toda la producci\u00f3n guatemalteca; Producci\u00f3n y direcci\u00f3n: Tita Moreno y Charlie Quezada, Edici\u00f3n: Tita Moreno, Charlie Quezada y New Vision, Animaci\u00f3n: Hugo S\u00e1nchez.<br \/>\n<script type=\"text\/javascript\"><!--\ngoogle_ad_client = \"ca-pub-3994227042512697\";\n\/* Banner wp *\/\ngoogle_ad_slot = \"9551224613\";\ngoogle_ad_width = 468;\ngoogle_ad_height = 60;\n\/\/-->\n<\/script><br \/>\n<script type=\"text\/javascript\"\nsrc=\"http:\/\/pagead2.googlesyndication.com\/pagead\/show_ads.js\">\n<\/script><br \/>\n<iframe loading=\"lazy\" width=\"640\" height=\"360\" src=\"http:\/\/www.youtube.com\/embed\/6OrG4C2vkXk?rel=0\" frameborder=\"0\" allowfullscreen><\/iframe><\/p>\n","protected":false},"excerpt":{"rendered":"<p>El d\u00eda de ayer Gaby Moreno lanz\u00f3 su nuevo video, este pertenece a la canci\u00f3n Valle de Magnolias un nuevo<\/p>\n","protected":false},"author":1,"featured_media":0,"comment_status":"open","ping_status":"open","sticky":false,"template":"","format":"standard","meta":{"colormag_page_container_layout":"default_layout","colormag_page_sidebar_layout":"default_layout","footnotes":""},"categories":[243,3],"tags":[27,776,161,155,775,489,51,777,33,166],"class_list":["post-1257","post","type-post","status-publish","format-standard","hentry","category-musica-guatemalteca-2","category-sugerencia-musical","tag-gaby-moreno","tag-hecho-en-guatemala","tag-musica-guatemalteca","tag-nuevo-sencillo","tag-nuevo-video","tag-postales","tag-sugerencia-musical-2","tag-valle-de-magnolias","tag-video-oficial","tag-videoclip-oficial"],"_links":{"self":[{"href":"https:\/\/wp.mundodiverso.com\/wp\/wp-json\/wp\/v2\/posts\/1257","targetHints":{"allow":["GET"]}}],"collection":[{"href":"https:\/\/wp.mundodiverso.com\/wp\/wp-json\/wp\/v2\/posts"}],"about":[{"href":"https:\/\/wp.mundodiverso.com\/wp\/wp-json\/wp\/v2\/types\/post"}],"author":[{"embeddable":true,"href":"https:\/\/wp.mundodiverso.com\/wp\/wp-json\/wp\/v2\/users\/1"}],"replies":[{"embeddable":true,"href":"https:\/\/wp.mundodiverso.com\/wp\/wp-json\/wp\/v2\/comments?post=1257"}],"version-history":[{"count":3,"href":"https:\/\/wp.mundodiverso.com\/wp\/wp-json\/wp\/v2\/posts\/1257\/revisions"}],"predecessor-version":[{"id":1261,"href":"https:\/\/wp.mundodiverso.com\/wp\/wp-json\/wp\/v2\/posts\/1257\/revisions\/1261"}],"wp:attachment":[{"href":"https:\/\/wp.mundodiverso.com\/wp\/wp-json\/wp\/v2\/media?parent=1257"}],"wp:term":[{"taxonomy":"category","embeddable":true,"href":"https:\/\/wp.mundodiverso.com\/wp\/wp-json\/wp\/v2\/categories?post=1257"},{"taxonomy":"post_tag","embeddable":true,"href":"https:\/\/wp.mundodiverso.com\/wp\/wp-json\/wp\/v2\/tags?post=1257"}],"curies":[{"name":"wp","href":"https:\/\/api.w.org\/{rel}","templated":true}]}}