{"id":1068,"date":"2012-09-29T12:09:35","date_gmt":"2012-09-29T18:09:35","guid":{"rendered":"http:\/\/wp.mundodiverso.com\/wp\/?p=1068"},"modified":"2012-09-29T12:09:35","modified_gmt":"2012-09-29T18:09:35","slug":"sueno-de-los-reyes-vagos-video-oficial","status":"publish","type":"post","link":"https:\/\/wp.mundodiverso.com\/wp\/2012\/09\/29\/sueno-de-los-reyes-vagos-video-oficial\/","title":{"rendered":"Sue\u00f1o de Los Reyes Vagos, V\u00eddeo Oficial"},"content":{"rendered":"<p><a href=\"https:\/\/wp.mundodiverso.com\/wp-content\/uploads\/2012\/09\/reyesvagpic.jpg\"><img loading=\"lazy\" decoding=\"async\" src=\"https:\/\/wp.mundodiverso.com\/wp-content\/uploads\/2012\/09\/reyesvagpic.jpg\" alt=\"\" title=\"Sue\u00f1o - Los Reyes Vagos\" width=\"500\" height=\"333\" class=\"aligncenter size-full wp-image-1069\" srcset=\"https:\/\/wp.mundodiverso.com\/wp-content\/uploads\/2012\/09\/reyesvagpic.jpg 500w, https:\/\/wp.mundodiverso.com\/wp-content\/uploads\/2012\/09\/reyesvagpic-300x200.jpg 300w\" sizes=\"auto, (max-width: 500px) 100vw, 500px\" \/><\/a><br \/>\n<a href=\"https:\/\/wp.mundodiverso.com\/wp\/2012\/03\/06\/videoclip-oficial-de-dos-espejos-nuevo-sencillo-de-los-reyes-vagos\/#.UGc45ZhmLa0\">Los Reyes Vagos<\/a> tienen un nuevo sencillo llamado Sue\u00f1o y ahora nos presentan su v\u00eddeo oficial.  Su m\u00fasica cada vez est\u00e1 mejor as\u00ed que aqu\u00ed te lo presentamos para que lo disfrutes y lo compartas. Apoyemos la m\u00fasica hecha en Guatemala.<br \/>\n<script type=\"text\/javascript\"><!--\ngoogle_ad_client = \"ca-pub-3994227042512697\";\n\/* Banner wp *\/\ngoogle_ad_slot = \"9551224613\";\ngoogle_ad_width = 468;\ngoogle_ad_height = 60;\n\/\/-->\n<\/script><br \/>\n<script type=\"text\/javascript\"\nsrc=\"http:\/\/pagead2.googlesyndication.com\/pagead\/show_ads.js\">\n<\/script><\/p>\n<p><iframe loading=\"lazy\" width=\"640\" height=\"360\" src=\"http:\/\/www.youtube.com\/embed\/kt8XsKvBbok?rel=0\" frameborder=\"0\" allowfullscreen><\/iframe><\/p>\n","protected":false},"excerpt":{"rendered":"<p>Los Reyes Vagos tienen un nuevo sencillo llamado Sue\u00f1o y ahora nos presentan su v\u00eddeo oficial. Su m\u00fasica cada vez<\/p>\n","protected":false},"author":1,"featured_media":0,"comment_status":"open","ping_status":"open","sticky":false,"template":"","format":"standard","meta":{"colormag_page_container_layout":"default_layout","colormag_page_sidebar_layout":"default_layout","footnotes":""},"categories":[243,3],"tags":[656,49,161,155,655,33,166],"class_list":["post-1068","post","type-post","status-publish","format-standard","hentry","category-musica-guatemalteca-2","category-sugerencia-musical","tag-hecha-en-guatemala","tag-los-reyes-vagos","tag-musica-guatemalteca","tag-nuevo-sencillo","tag-sueno","tag-video-oficial","tag-videoclip-oficial"],"_links":{"self":[{"href":"https:\/\/wp.mundodiverso.com\/wp\/wp-json\/wp\/v2\/posts\/1068","targetHints":{"allow":["GET"]}}],"collection":[{"href":"https:\/\/wp.mundodiverso.com\/wp\/wp-json\/wp\/v2\/posts"}],"about":[{"href":"https:\/\/wp.mundodiverso.com\/wp\/wp-json\/wp\/v2\/types\/post"}],"author":[{"embeddable":true,"href":"https:\/\/wp.mundodiverso.com\/wp\/wp-json\/wp\/v2\/users\/1"}],"replies":[{"embeddable":true,"href":"https:\/\/wp.mundodiverso.com\/wp\/wp-json\/wp\/v2\/comments?post=1068"}],"version-history":[{"count":3,"href":"https:\/\/wp.mundodiverso.com\/wp\/wp-json\/wp\/v2\/posts\/1068\/revisions"}],"predecessor-version":[{"id":1072,"href":"https:\/\/wp.mundodiverso.com\/wp\/wp-json\/wp\/v2\/posts\/1068\/revisions\/1072"}],"wp:attachment":[{"href":"https:\/\/wp.mundodiverso.com\/wp\/wp-json\/wp\/v2\/media?parent=1068"}],"wp:term":[{"taxonomy":"category","embeddable":true,"href":"https:\/\/wp.mundodiverso.com\/wp\/wp-json\/wp\/v2\/categories?post=1068"},{"taxonomy":"post_tag","embeddable":true,"href":"https:\/\/wp.mundodiverso.com\/wp\/wp-json\/wp\/v2\/tags?post=1068"}],"curies":[{"name":"wp","href":"https:\/\/api.w.org\/{rel}","templated":true}]}}